{"id":1208450,"date":"2026-09-02T14:29:14","date_gmt":"2026-09-02T14:29:14","guid":{"rendered":"https:\/\/madeiraisland.news\/?p=1208450"},"modified":"2026-09-02T14:47:54","modified_gmt":"2026-09-02T14:47:54","slug":"jpp-faz-balanco-positivo-da-visita-a-jersey-e-dos-contactos-com-a-comunidade-madeirense","status":"publish","type":"post","link":"https:\/\/madeiraisland.news\/?p=1208450","title":{"rendered":"JPP faz balan\u00e7o positivo da visita a Jersey e dos contactos com a comunidade madeirense"},"content":{"rendered":"<p>A visita de trabalho do JPP a Jersey, refere o partido, foi uma oportunidade para conhecer de perto o pulsar de uma comunidade madeirense com uma forte presen\u00e7a na ilha e uma liga\u00e7\u00e3o hist\u00f3rica \u00e0 Madeira. Os contactos realizados permitiram identificar realidades, preocupa\u00e7\u00f5es e ambi\u00e7\u00f5es de quem construiu a sua vida longe da Regi\u00e3o, mas [\u2026]<\/p>\n","protected":false},"excerpt":{"rendered":"<p>A visita de trabalho do JPP a Jersey, refere o partido, foi uma oportunidade para conhecer de perto o pulsar &#8230; <\/p>\n<p class=\"read-more-container\"><a title=\"JPP faz balan\u00e7o positivo da visita a Jersey e dos contactos com a comunidade madeirense\" class=\"read-more button\" href=\"https:\/\/madeiraisland.news\/?p=1208450#more-1208450\" aria-label=\"Read more about JPP faz balan\u00e7o positivo da visita a Jersey e dos contactos com a comunidade madeirense\">Read more<\/a><\/p>\n","protected":false},"author":258,"featured_media":0,"comment_status":"open","ping_status":"","sticky":false,"template":"","format":"standard","meta":{"footnotes":""},"categories":[19],"tags":[],"class_list":["post-1208450","post","type-post","status-publish","format-standard","hentry","category-madeira-island-news","infinite-scroll-item","masonry-post","generate-columns","tablet-grid-50","mobile-grid-100","grid-parent","grid-33"],"_links":{"self":[{"href":"https:\/\/madeiraisland.news\/index.php?rest_route=\/wp\/v2\/posts\/1208450","targetHints":{"allow":["GET"]}}],"collection":[{"href":"https:\/\/madeiraisland.news\/index.php?rest_route=\/wp\/v2\/posts"}],"about":[{"href":"https:\/\/madeiraisland.news\/index.php?rest_route=\/wp\/v2\/types\/post"}],"author":[{"embeddable":true,"href":"https:\/\/madeiraisland.news\/index.php?rest_route=\/wp\/v2\/users\/258"}],"replies":[{"embeddable":true,"href":"https:\/\/madeiraisland.news\/index.php?rest_route=%2Fwp%2Fv2%2Fcomments&post=1208450"}],"version-history":[{"count":1,"href":"https:\/\/madeiraisland.news\/index.php?rest_route=\/wp\/v2\/posts\/1208450\/revisions"}],"predecessor-version":[{"id":1208451,"href":"https:\/\/madeiraisland.news\/index.php?rest_route=\/wp\/v2\/posts\/1208450\/revisions\/1208451"}],"wp:attachment":[{"href":"https:\/\/madeiraisland.news\/index.php?rest_route=%2Fwp%2Fv2%2Fmedia&parent=1208450"}],"wp:term":[{"taxonomy":"category","embeddable":true,"href":"https:\/\/madeiraisland.news\/index.php?rest_route=%2Fwp%2Fv2%2Fcategories&post=1208450"},{"taxonomy":"post_tag","embeddable":true,"href":"https:\/\/madeiraisland.news\/index.php?rest_route=%2Fwp%2Fv2%2Ftags&post=1208450"}],"curies":[{"name":"wp","href":"https:\/\/api.w.org\/{rel}","templated":true}]}}