{"id":1208448,"date":"2026-09-02T14:30:17","date_gmt":"2026-09-02T14:30:17","guid":{"rendered":"https:\/\/madeiraisland.news\/?p=1208448"},"modified":"2026-09-02T14:47:54","modified_gmt":"2026-09-02T14:47:54","slug":"capotamento-na-cancela-causa-um-ferido-ligeiro","status":"publish","type":"post","link":"https:\/\/madeiraisland.news\/?p=1208448","title":{"rendered":"Capotamento na Cancela causa um ferido ligeiro"},"content":{"rendered":"<p>Um autom\u00f3vel ligeiro capotou na tarde desta quarta-feira na Estrada do Aeroporto, junto ao Entreposto da Cancela, no concelho de Santa Cruz, provocando um ferido ligeiro e constrangimentos na circula\u00e7\u00e3o autom\u00f3vel.<br \/>\nO acidente ocorreu quando, por raz\u00f5es que est\u00e3o a ser apuradas pela PSP, a viatura se despistou e acabou por capotar enquanto circulava naquele arruamento.<br \/>\nA condutora, que era a \u00fanica ocupante do ve\u00edculo, conseguiu sair pelos pr\u00f3prios meios antes da chegada das equipas de socorro. Ape<\/p>\n","protected":false},"excerpt":{"rendered":"<p>Um autom\u00f3vel ligeiro capotou na tarde desta quarta-feira na Estrada do Aeroporto, junto ao Entreposto da Cancela, no concelho de &#8230; <\/p>\n<p class=\"read-more-container\"><a title=\"Capotamento na Cancela causa um ferido ligeiro\" class=\"read-more button\" href=\"https:\/\/madeiraisland.news\/?p=1208448#more-1208448\" aria-label=\"Read more about Capotamento na Cancela causa um ferido ligeiro\">Read more<\/a><\/p>\n","protected":false},"author":48,"featured_media":0,"comment_status":"open","ping_status":"","sticky":false,"template":"","format":"standard","meta":{"footnotes":""},"categories":[19],"tags":[],"class_list":["post-1208448","post","type-post","status-publish","format-standard","hentry","category-madeira-island-news","infinite-scroll-item","masonry-post","generate-columns","tablet-grid-50","mobile-grid-100","grid-parent","grid-33"],"_links":{"self":[{"href":"https:\/\/madeiraisland.news\/index.php?rest_route=\/wp\/v2\/posts\/1208448","targetHints":{"allow":["GET"]}}],"collection":[{"href":"https:\/\/madeiraisland.news\/index.php?rest_route=\/wp\/v2\/posts"}],"about":[{"href":"https:\/\/madeiraisland.news\/index.php?rest_route=\/wp\/v2\/types\/post"}],"author":[{"embeddable":true,"href":"https:\/\/madeiraisland.news\/index.php?rest_route=\/wp\/v2\/users\/48"}],"replies":[{"embeddable":true,"href":"https:\/\/madeiraisland.news\/index.php?rest_route=%2Fwp%2Fv2%2Fcomments&post=1208448"}],"version-history":[{"count":1,"href":"https:\/\/madeiraisland.news\/index.php?rest_route=\/wp\/v2\/posts\/1208448\/revisions"}],"predecessor-version":[{"id":1208449,"href":"https:\/\/madeiraisland.news\/index.php?rest_route=\/wp\/v2\/posts\/1208448\/revisions\/1208449"}],"wp:attachment":[{"href":"https:\/\/madeiraisland.news\/index.php?rest_route=%2Fwp%2Fv2%2Fmedia&parent=1208448"}],"wp:term":[{"taxonomy":"category","embeddable":true,"href":"https:\/\/madeiraisland.news\/index.php?rest_route=%2Fwp%2Fv2%2Fcategories&post=1208448"},{"taxonomy":"post_tag","embeddable":true,"href":"https:\/\/madeiraisland.news\/index.php?rest_route=%2Fwp%2Fv2%2Ftags&post=1208448"}],"curies":[{"name":"wp","href":"https:\/\/api.w.org\/{rel}","templated":true}]}}