{"id":1208439,"date":"2026-09-02T14:08:53","date_gmt":"2026-09-02T14:08:53","guid":{"rendered":"https:\/\/madeiraisland.news\/?p=1208439"},"modified":"2026-09-02T14:15:49","modified_gmt":"2026-09-02T14:15:49","slug":"ct-da-lusa-apela-a-intervencao-de-aguiar-branco-sobre-ameacas-de-deputado-do-chega","status":"publish","type":"post","link":"https:\/\/madeiraisland.news\/?p=1208439","title":{"rendered":"CT da Lusa apela a interven\u00e7\u00e3o de Aguiar-Branco sobre amea\u00e7as de deputado do Chega"},"content":{"rendered":"<p>A Comiss\u00e3o de Trabalhadores (CT) da Lusa repudiou hoje as amea\u00e7as e insultos do deputado do Chega Pedro Fraz\u00e3o, apelando ao presidente da Assembleia da Rep\u00fablica para que tome uma posi\u00e7\u00e3o perante uma &#8220;grave amea\u00e7a de um deputado eleito&#8221;.<br \/>\nNum v\u00eddeo divulgado nas redes sociais, o deputado e vice-presidente da Dire\u00e7\u00e3o Nacional do Chega, Pedro Fraz\u00e3o, insultou a integridade dos jornalistas da Lusa na elabora\u00e7\u00e3o de textos jornal\u00edsticos e amea\u00e7ou perseguir os profissionais, admitindo ainda, como ato<\/p>\n","protected":false},"excerpt":{"rendered":"<p>A Comiss\u00e3o de Trabalhadores (CT) da Lusa repudiou hoje as amea\u00e7as e insultos do deputado do Chega Pedro Fraz\u00e3o, apelando ao presidente da Assembleia da Rep\u00fablica para que tome uma posi\u00e7\u00e3o perante uma &#8220;grave amea\u00e7a<\/p>\n","protected":false},"author":5,"featured_media":0,"comment_status":"open","ping_status":"","sticky":false,"template":"","format":"standard","meta":{"footnotes":""},"categories":[19],"tags":[],"class_list":["post-1208439","post","type-post","status-publish","format-standard","hentry","category-madeira-island-news","infinite-scroll-item","masonry-post","generate-columns","tablet-grid-50","mobile-grid-100","grid-parent","grid-33"],"_links":{"self":[{"href":"https:\/\/madeiraisland.news\/index.php?rest_route=\/wp\/v2\/posts\/1208439","targetHints":{"allow":["GET"]}}],"collection":[{"href":"https:\/\/madeiraisland.news\/index.php?rest_route=\/wp\/v2\/posts"}],"about":[{"href":"https:\/\/madeiraisland.news\/index.php?rest_route=\/wp\/v2\/types\/post"}],"author":[{"embeddable":true,"href":"https:\/\/madeiraisland.news\/index.php?rest_route=\/wp\/v2\/users\/5"}],"replies":[{"embeddable":true,"href":"https:\/\/madeiraisland.news\/index.php?rest_route=%2Fwp%2Fv2%2Fcomments&post=1208439"}],"version-history":[{"count":2,"href":"https:\/\/madeiraisland.news\/index.php?rest_route=\/wp\/v2\/posts\/1208439\/revisions"}],"predecessor-version":[{"id":1208441,"href":"https:\/\/madeiraisland.news\/index.php?rest_route=\/wp\/v2\/posts\/1208439\/revisions\/1208441"}],"wp:attachment":[{"href":"https:\/\/madeiraisland.news\/index.php?rest_route=%2Fwp%2Fv2%2Fmedia&parent=1208439"}],"wp:term":[{"taxonomy":"category","embeddable":true,"href":"https:\/\/madeiraisland.news\/index.php?rest_route=%2Fwp%2Fv2%2Fcategories&post=1208439"},{"taxonomy":"post_tag","embeddable":true,"href":"https:\/\/madeiraisland.news\/index.php?rest_route=%2Fwp%2Fv2%2Ftags&post=1208439"}],"curies":[{"name":"wp","href":"https:\/\/api.w.org\/{rel}","templated":true}]}}