{"id":1208437,"date":"2026-09-02T14:09:05","date_gmt":"2026-09-02T14:09:05","guid":{"rendered":"https:\/\/madeiraisland.news\/?p=1208437"},"modified":"2026-09-02T14:15:48","modified_gmt":"2026-09-02T14:15:48","slug":"evolucao-da-ponte-do-pelourinho-hoje-fechada-a-ferros","status":"publish","type":"post","link":"https:\/\/madeiraisland.news\/?p=1208437","title":{"rendered":"Evolu\u00e7\u00e3o da Ponte do Pelourinho, hoje fechada a ferros"},"content":{"rendered":"<p>Rui Marote A Ponte do Pelourinho, localizada no cora\u00e7\u00e3o do Funchal, na Ilha da Madeira, \u00e9 um dos marcos hist\u00f3ricos e arqueol\u00f3gicos mais interessantes da cidade. A sua evolu\u00e7\u00e3o est\u00e1 ligada ao desenvolvimento urbano, \u00e0s defesas militares e, tragicamente, \u00e0s recorrentes aluvi\u00f5es que fustigaram a ilha ao longo dos s\u00e9culos. O Largo do Pelourinho ganhou [\u2026]<\/p>\n","protected":false},"excerpt":{"rendered":"<p>Rui Marote A Ponte do Pelourinho, localizada no cora\u00e7\u00e3o do Funchal, na Ilha da Madeira, \u00e9 um dos marcos hist\u00f3ricos &#8230; <\/p>\n<p class=\"read-more-container\"><a title=\"Evolu\u00e7\u00e3o da Ponte do Pelourinho, hoje fechada a ferros\" class=\"read-more button\" href=\"https:\/\/madeiraisland.news\/?p=1208437#more-1208437\" aria-label=\"Read more about Evolu\u00e7\u00e3o da Ponte do Pelourinho, hoje fechada a ferros\">Read more<\/a><\/p>\n","protected":false},"author":260,"featured_media":0,"comment_status":"open","ping_status":"","sticky":false,"template":"","format":"standard","meta":{"footnotes":""},"categories":[19],"tags":[],"class_list":["post-1208437","post","type-post","status-publish","format-standard","hentry","category-madeira-island-news","infinite-scroll-item","masonry-post","generate-columns","tablet-grid-50","mobile-grid-100","grid-parent","grid-33"],"_links":{"self":[{"href":"https:\/\/madeiraisland.news\/index.php?rest_route=\/wp\/v2\/posts\/1208437","targetHints":{"allow":["GET"]}}],"collection":[{"href":"https:\/\/madeiraisland.news\/index.php?rest_route=\/wp\/v2\/posts"}],"about":[{"href":"https:\/\/madeiraisland.news\/index.php?rest_route=\/wp\/v2\/types\/post"}],"author":[{"embeddable":true,"href":"https:\/\/madeiraisland.news\/index.php?rest_route=\/wp\/v2\/users\/260"}],"replies":[{"embeddable":true,"href":"https:\/\/madeiraisland.news\/index.php?rest_route=%2Fwp%2Fv2%2Fcomments&post=1208437"}],"version-history":[{"count":1,"href":"https:\/\/madeiraisland.news\/index.php?rest_route=\/wp\/v2\/posts\/1208437\/revisions"}],"predecessor-version":[{"id":1208438,"href":"https:\/\/madeiraisland.news\/index.php?rest_route=\/wp\/v2\/posts\/1208437\/revisions\/1208438"}],"wp:attachment":[{"href":"https:\/\/madeiraisland.news\/index.php?rest_route=%2Fwp%2Fv2%2Fmedia&parent=1208437"}],"wp:term":[{"taxonomy":"category","embeddable":true,"href":"https:\/\/madeiraisland.news\/index.php?rest_route=%2Fwp%2Fv2%2Fcategories&post=1208437"},{"taxonomy":"post_tag","embeddable":true,"href":"https:\/\/madeiraisland.news\/index.php?rest_route=%2Fwp%2Fv2%2Ftags&post=1208437"}],"curies":[{"name":"wp","href":"https:\/\/api.w.org\/{rel}","templated":true}]}}