{"id":1208431,"date":"2026-09-02T10:16:14","date_gmt":"2026-09-02T10:16:14","guid":{"rendered":"https:\/\/madeiraisland.news\/?p=1208431"},"modified":"2026-09-02T10:30:04","modified_gmt":"2026-09-02T10:30:04","slug":"alemao-encontrado-morto-com-ferimentos-causados-por-arma-branca","status":"publish","type":"post","link":"https:\/\/madeiraisland.news\/?p=1208431","title":{"rendered":"Alem\u00e3o encontrado morto com ferimentos causados por arma branca"},"content":{"rendered":"<p>Um cidad\u00e3o alem\u00e3o, com cerca de 70 anos, foi encontrado morto na casa onde residia, no concelho da Calheta, depois de ter sido dado como desaparecido. O caso motivou a interven\u00e7\u00e3o da Pol\u00edcia Judici\u00e1ria (PJ), perante a possibilidade de a morte poder ter resultado da interven\u00e7\u00e3o de terceiros.<br \/>\nSegundo apurou o DI\u00c1RIO, o alerta \u00e0s autoridades levou a PSP a deslocar-se \u00e0 resid\u00eancia do cidad\u00e3o estrangeiro, tendo os agentes for\u00e7ado a entrada na moradia. No interior, encontraram o homem prostrado e j\u00e1 s<\/p>\n","protected":false},"excerpt":{"rendered":"<p>Um cidad\u00e3o alem\u00e3o, com cerca de 70 anos, foi encontrado morto na casa onde residia, no concelho da Calheta, depois &#8230; <\/p>\n<p class=\"read-more-container\"><a title=\"Alem\u00e3o encontrado morto com ferimentos causados por arma branca\" class=\"read-more button\" href=\"https:\/\/madeiraisland.news\/?p=1208431#more-1208431\" aria-label=\"Read more about Alem\u00e3o encontrado morto com ferimentos causados por arma branca\">Read more<\/a><\/p>\n","protected":false},"author":48,"featured_media":0,"comment_status":"open","ping_status":"","sticky":false,"template":"","format":"standard","meta":{"footnotes":""},"categories":[19],"tags":[],"class_list":["post-1208431","post","type-post","status-publish","format-standard","hentry","category-madeira-island-news","infinite-scroll-item","masonry-post","generate-columns","tablet-grid-50","mobile-grid-100","grid-parent","grid-33"],"_links":{"self":[{"href":"https:\/\/madeiraisland.news\/index.php?rest_route=\/wp\/v2\/posts\/1208431","targetHints":{"allow":["GET"]}}],"collection":[{"href":"https:\/\/madeiraisland.news\/index.php?rest_route=\/wp\/v2\/posts"}],"about":[{"href":"https:\/\/madeiraisland.news\/index.php?rest_route=\/wp\/v2\/types\/post"}],"author":[{"embeddable":true,"href":"https:\/\/madeiraisland.news\/index.php?rest_route=\/wp\/v2\/users\/48"}],"replies":[{"embeddable":true,"href":"https:\/\/madeiraisland.news\/index.php?rest_route=%2Fwp%2Fv2%2Fcomments&post=1208431"}],"version-history":[{"count":1,"href":"https:\/\/madeiraisland.news\/index.php?rest_route=\/wp\/v2\/posts\/1208431\/revisions"}],"predecessor-version":[{"id":1208432,"href":"https:\/\/madeiraisland.news\/index.php?rest_route=\/wp\/v2\/posts\/1208431\/revisions\/1208432"}],"wp:attachment":[{"href":"https:\/\/madeiraisland.news\/index.php?rest_route=%2Fwp%2Fv2%2Fmedia&parent=1208431"}],"wp:term":[{"taxonomy":"category","embeddable":true,"href":"https:\/\/madeiraisland.news\/index.php?rest_route=%2Fwp%2Fv2%2Fcategories&post=1208431"},{"taxonomy":"post_tag","embeddable":true,"href":"https:\/\/madeiraisland.news\/index.php?rest_route=%2Fwp%2Fv2%2Ftags&post=1208431"}],"curies":[{"name":"wp","href":"https:\/\/api.w.org\/{rel}","templated":true}]}}