{"id":1208425,"date":"2026-09-02T09:55:50","date_gmt":"2026-09-02T09:55:50","guid":{"rendered":"https:\/\/madeiraisland.news\/?p=1208425"},"modified":"2026-09-02T10:06:16","modified_gmt":"2026-09-02T10:06:16","slug":"governo-reforca-em-100-me-garantia-publica-para-credito-a-habitacao-a-jovens","status":"publish","type":"post","link":"https:\/\/madeiraisland.news\/?p=1208425","title":{"rendered":"Governo refor\u00e7a em 100 ME garantia p\u00fablica para cr\u00e9dito \u00e0 habita\u00e7\u00e3o a jovens"},"content":{"rendered":"<p>O Governo refor\u00e7ou a garantia p\u00fablica para a concess\u00e3o de cr\u00e9dito \u00e0 habita\u00e7\u00e3o para jovens em mais 100 milh\u00f5es de euros, ap\u00f3s pedidos do Novo Banco e da Caixa Econ\u00f3mica Montepio Geral, segundo um diploma publicado hoje em Di\u00e1rio da Rep\u00fablica.<br \/>\nDe acordo com o despacho n.\u00ba 10855\/2026, o objetivo \u00e9 responder aos pedidos apresentados pelo Novo Banco e pela Caixa Econ\u00f3mica Montepio Geral, que, tendo por base a previs\u00e3o das opera\u00e7\u00f5es de cr\u00e9dito a realizar e a afeta\u00e7\u00e3o das opera\u00e7\u00f5es \u00e0s respetivas gara<\/p>\n","protected":false},"excerpt":{"rendered":"<p>O Governo refor\u00e7ou a garantia p\u00fablica para a concess\u00e3o de cr\u00e9dito \u00e0 habita\u00e7\u00e3o para jovens em mais 100 milh\u00f5es de euros, ap\u00f3s pedidos do Novo Banco e da Caixa Econ\u00f3mica Montepio Geral, segundo um diploma<\/p>\n","protected":false},"author":5,"featured_media":0,"comment_status":"open","ping_status":"","sticky":false,"template":"","format":"standard","meta":{"footnotes":""},"categories":[19],"tags":[],"class_list":["post-1208425","post","type-post","status-publish","format-standard","hentry","category-madeira-island-news","infinite-scroll-item","masonry-post","generate-columns","tablet-grid-50","mobile-grid-100","grid-parent","grid-33"],"_links":{"self":[{"href":"https:\/\/madeiraisland.news\/index.php?rest_route=\/wp\/v2\/posts\/1208425","targetHints":{"allow":["GET"]}}],"collection":[{"href":"https:\/\/madeiraisland.news\/index.php?rest_route=\/wp\/v2\/posts"}],"about":[{"href":"https:\/\/madeiraisland.news\/index.php?rest_route=\/wp\/v2\/types\/post"}],"author":[{"embeddable":true,"href":"https:\/\/madeiraisland.news\/index.php?rest_route=\/wp\/v2\/users\/5"}],"replies":[{"embeddable":true,"href":"https:\/\/madeiraisland.news\/index.php?rest_route=%2Fwp%2Fv2%2Fcomments&post=1208425"}],"version-history":[{"count":2,"href":"https:\/\/madeiraisland.news\/index.php?rest_route=\/wp\/v2\/posts\/1208425\/revisions"}],"predecessor-version":[{"id":1208427,"href":"https:\/\/madeiraisland.news\/index.php?rest_route=\/wp\/v2\/posts\/1208425\/revisions\/1208427"}],"wp:attachment":[{"href":"https:\/\/madeiraisland.news\/index.php?rest_route=%2Fwp%2Fv2%2Fmedia&parent=1208425"}],"wp:term":[{"taxonomy":"category","embeddable":true,"href":"https:\/\/madeiraisland.news\/index.php?rest_route=%2Fwp%2Fv2%2Fcategories&post=1208425"},{"taxonomy":"post_tag","embeddable":true,"href":"https:\/\/madeiraisland.news\/index.php?rest_route=%2Fwp%2Fv2%2Ftags&post=1208425"}],"curies":[{"name":"wp","href":"https:\/\/api.w.org\/{rel}","templated":true}]}}