{"id":1208420,"date":"2026-09-02T09:44:04","date_gmt":"2026-09-02T09:44:04","guid":{"rendered":"https:\/\/madeiraisland.news\/?p=1208420"},"modified":"2026-09-02T09:45:20","modified_gmt":"2026-09-02T09:45:20","slug":"portugal-avaliara-novas-sancoes-contra-teerao-caso-a-caso","status":"publish","type":"post","link":"https:\/\/madeiraisland.news\/?p=1208420","title":{"rendered":"Portugal avaliar\u00e1 novas san\u00e7\u00f5es contra Teer\u00e3o &#8220;caso a caso&#8221;"},"content":{"rendered":"<p>O ministro dos Neg\u00f3cios Estrangeiros indicou hoje que Portugal avaliar\u00e1 &#8220;caso a caso&#8221; um refor\u00e7o das san\u00e7\u00f5es da UE contra o Ir\u00e3o e manifestou &#8220;bastante apreens\u00e3o&#8221; com o rein\u00edcio das hostilidades entre Washington e Teer\u00e3o.<br \/>\nEm declara\u00e7\u00f5es \u00e0 Lusa \u00e0 entrada para a reuni\u00e3o informal dos ministros dos Neg\u00f3cios Estrangeiros da UE, no condado de Wicklow, na Irlanda, Paulo Rangel foi questionado se Portugal tenciona acompanhar o repto dos Estados Unidos para exercer maior press\u00e3o econ\u00f3mica sobre o Ir\u00e3o.<br \/>\nN<\/p>\n","protected":false},"excerpt":{"rendered":"<p>O ministro dos Neg\u00f3cios Estrangeiros indicou hoje que Portugal avaliar\u00e1 &#8220;caso a caso&#8221; um refor\u00e7o das san\u00e7\u00f5es da UE contra o Ir\u00e3o e manifestou &#8220;bastante apreens\u00e3o&#8221; com o rein\u00edcio das hostilidades entre Washington e Teer\u00e3o.<\/p>\n","protected":false},"author":5,"featured_media":0,"comment_status":"open","ping_status":"","sticky":false,"template":"","format":"standard","meta":{"footnotes":""},"categories":[19],"tags":[],"class_list":["post-1208420","post","type-post","status-publish","format-standard","hentry","category-madeira-island-news","infinite-scroll-item","masonry-post","generate-columns","tablet-grid-50","mobile-grid-100","grid-parent","grid-33"],"_links":{"self":[{"href":"https:\/\/madeiraisland.news\/index.php?rest_route=\/wp\/v2\/posts\/1208420","targetHints":{"allow":["GET"]}}],"collection":[{"href":"https:\/\/madeiraisland.news\/index.php?rest_route=\/wp\/v2\/posts"}],"about":[{"href":"https:\/\/madeiraisland.news\/index.php?rest_route=\/wp\/v2\/types\/post"}],"author":[{"embeddable":true,"href":"https:\/\/madeiraisland.news\/index.php?rest_route=\/wp\/v2\/users\/5"}],"replies":[{"embeddable":true,"href":"https:\/\/madeiraisland.news\/index.php?rest_route=%2Fwp%2Fv2%2Fcomments&post=1208420"}],"version-history":[{"count":2,"href":"https:\/\/madeiraisland.news\/index.php?rest_route=\/wp\/v2\/posts\/1208420\/revisions"}],"predecessor-version":[{"id":1208422,"href":"https:\/\/madeiraisland.news\/index.php?rest_route=\/wp\/v2\/posts\/1208420\/revisions\/1208422"}],"wp:attachment":[{"href":"https:\/\/madeiraisland.news\/index.php?rest_route=%2Fwp%2Fv2%2Fmedia&parent=1208420"}],"wp:term":[{"taxonomy":"category","embeddable":true,"href":"https:\/\/madeiraisland.news\/index.php?rest_route=%2Fwp%2Fv2%2Fcategories&post=1208420"},{"taxonomy":"post_tag","embeddable":true,"href":"https:\/\/madeiraisland.news\/index.php?rest_route=%2Fwp%2Fv2%2Ftags&post=1208420"}],"curies":[{"name":"wp","href":"https:\/\/api.w.org\/{rel}","templated":true}]}}