{"id":1208414,"date":"2026-09-02T08:14:53","date_gmt":"2026-09-02T08:14:53","guid":{"rendered":"https:\/\/madeiraisland.news\/?p=1208414"},"modified":"2026-09-02T08:30:17","modified_gmt":"2026-09-02T08:30:17","slug":"direito-de-voto-das-pessoas-com-deficiencia-ainda-esbarra-em-barreiras","status":"publish","type":"post","link":"https:\/\/madeiraisland.news\/?p=1208414","title":{"rendered":"Direito de voto das pessoas com defici\u00eancia ainda esbarra em barreiras"},"content":{"rendered":"<p>A coordenadora do mecanismo de monitoriza\u00e7\u00e3o dos direitos das pessoas com defici\u00eancia considerou &#8220;bastante escandaloso&#8221; que exista uma &#8220;camada muito grande&#8221; da popula\u00e7\u00e3o, entre pessoas com defici\u00eancia e idosos, sem acesso ao voto em igualdade com os restantes cidad\u00e3os.<br \/>\nAs pessoas com defici\u00eancia t\u00eam direito a votar, mas continuam a enfrentar locais inacess\u00edveis, informa\u00e7\u00e3o eleitoral sem formatos adaptados e solu\u00e7\u00f5es diferentes consoante a elei\u00e7\u00e3o, o que limita um exerc\u00edcio aut\u00f3nomo, informado e <\/p>\n","protected":false},"excerpt":{"rendered":"<p>A coordenadora do mecanismo de monitoriza\u00e7\u00e3o dos direitos das pessoas com defici\u00eancia considerou &#8220;bastante escandaloso&#8221; que exista uma &#8220;camada muito grande&#8221; da popula\u00e7\u00e3o, entre pessoas com defici\u00eancia e idosos, sem acesso ao voto em igualdade<\/p>\n","protected":false},"author":5,"featured_media":0,"comment_status":"open","ping_status":"","sticky":false,"template":"","format":"standard","meta":{"footnotes":""},"categories":[19],"tags":[],"class_list":["post-1208414","post","type-post","status-publish","format-standard","hentry","category-madeira-island-news","infinite-scroll-item","masonry-post","generate-columns","tablet-grid-50","mobile-grid-100","grid-parent","grid-33"],"_links":{"self":[{"href":"https:\/\/madeiraisland.news\/index.php?rest_route=\/wp\/v2\/posts\/1208414","targetHints":{"allow":["GET"]}}],"collection":[{"href":"https:\/\/madeiraisland.news\/index.php?rest_route=\/wp\/v2\/posts"}],"about":[{"href":"https:\/\/madeiraisland.news\/index.php?rest_route=\/wp\/v2\/types\/post"}],"author":[{"embeddable":true,"href":"https:\/\/madeiraisland.news\/index.php?rest_route=\/wp\/v2\/users\/5"}],"replies":[{"embeddable":true,"href":"https:\/\/madeiraisland.news\/index.php?rest_route=%2Fwp%2Fv2%2Fcomments&post=1208414"}],"version-history":[{"count":2,"href":"https:\/\/madeiraisland.news\/index.php?rest_route=\/wp\/v2\/posts\/1208414\/revisions"}],"predecessor-version":[{"id":1208416,"href":"https:\/\/madeiraisland.news\/index.php?rest_route=\/wp\/v2\/posts\/1208414\/revisions\/1208416"}],"wp:attachment":[{"href":"https:\/\/madeiraisland.news\/index.php?rest_route=%2Fwp%2Fv2%2Fmedia&parent=1208414"}],"wp:term":[{"taxonomy":"category","embeddable":true,"href":"https:\/\/madeiraisland.news\/index.php?rest_route=%2Fwp%2Fv2%2Fcategories&post=1208414"},{"taxonomy":"post_tag","embeddable":true,"href":"https:\/\/madeiraisland.news\/index.php?rest_route=%2Fwp%2Fv2%2Ftags&post=1208414"}],"curies":[{"name":"wp","href":"https:\/\/api.w.org\/{rel}","templated":true}]}}