{"id":1208408,"date":"2026-09-02T07:58:17","date_gmt":"2026-09-02T07:58:17","guid":{"rendered":"https:\/\/madeiraisland.news\/?p=1208408"},"modified":"2026-09-02T08:03:32","modified_gmt":"2026-09-02T08:03:32","slug":"inteligencia-artificial-ja-chegou-a-85-dos-jovens-e-quase-metade-usa-a-nos-trabalhos-da-escola","status":"publish","type":"post","link":"https:\/\/madeiraisland.news\/?p=1208408","title":{"rendered":"Intelig\u00eancia Artificial j\u00e1 chegou a 85% dos jovens e quase metade usa-a nos trabalhos da escola"},"content":{"rendered":"<p>A intelig\u00eancia artificial generativa j\u00e1 faz parte da vida da esmagadora maioria das crian\u00e7as e jovens portugueses. Oito em cada dez, mais precisamente 85%, entre os 9 e os 17 anos j\u00e1 utilizaram estas ferramentas e quase metade recorre a elas para fazer trabalhos escolares.<br \/>\nOs n\u00fameros constam do EU Kids Online 2025 e ajudam a tra\u00e7ar um retrato de uma gera\u00e7\u00e3o cada vez mais ligada ao digital, mas tamb\u00e9m mais exposta aos riscos que circulam na Internet. Mais de metade dos jovens encontrou mensagens <\/p>\n","protected":false},"excerpt":{"rendered":"<p>A intelig\u00eancia artificial generativa j\u00e1 faz parte da vida da esmagadora maioria das crian\u00e7as e jovens portugueses. Oito em cada dez, mais precisamente 85%, entre os 9 e os 17 anos j\u00e1 utilizaram estas ferramentas<\/p>\n","protected":false},"author":5,"featured_media":0,"comment_status":"open","ping_status":"","sticky":false,"template":"","format":"standard","meta":{"footnotes":""},"categories":[19],"tags":[],"class_list":["post-1208408","post","type-post","status-publish","format-standard","hentry","category-madeira-island-news","infinite-scroll-item","masonry-post","generate-columns","tablet-grid-50","mobile-grid-100","grid-parent","grid-33"],"_links":{"self":[{"href":"https:\/\/madeiraisland.news\/index.php?rest_route=\/wp\/v2\/posts\/1208408","targetHints":{"allow":["GET"]}}],"collection":[{"href":"https:\/\/madeiraisland.news\/index.php?rest_route=\/wp\/v2\/posts"}],"about":[{"href":"https:\/\/madeiraisland.news\/index.php?rest_route=\/wp\/v2\/types\/post"}],"author":[{"embeddable":true,"href":"https:\/\/madeiraisland.news\/index.php?rest_route=\/wp\/v2\/users\/5"}],"replies":[{"embeddable":true,"href":"https:\/\/madeiraisland.news\/index.php?rest_route=%2Fwp%2Fv2%2Fcomments&post=1208408"}],"version-history":[{"count":2,"href":"https:\/\/madeiraisland.news\/index.php?rest_route=\/wp\/v2\/posts\/1208408\/revisions"}],"predecessor-version":[{"id":1208410,"href":"https:\/\/madeiraisland.news\/index.php?rest_route=\/wp\/v2\/posts\/1208408\/revisions\/1208410"}],"wp:attachment":[{"href":"https:\/\/madeiraisland.news\/index.php?rest_route=%2Fwp%2Fv2%2Fmedia&parent=1208408"}],"wp:term":[{"taxonomy":"category","embeddable":true,"href":"https:\/\/madeiraisland.news\/index.php?rest_route=%2Fwp%2Fv2%2Fcategories&post=1208408"},{"taxonomy":"post_tag","embeddable":true,"href":"https:\/\/madeiraisland.news\/index.php?rest_route=%2Fwp%2Fv2%2Ftags&post=1208408"}],"curies":[{"name":"wp","href":"https:\/\/api.w.org\/{rel}","templated":true}]}}