{"id":1208406,"date":"2026-09-02T07:17:54","date_gmt":"2026-09-02T07:17:54","guid":{"rendered":"https:\/\/madeiraisland.news\/?p=1208406"},"modified":"2026-09-02T07:30:27","modified_gmt":"2026-09-02T07:30:27","slug":"pancadaria-entre-jovens-acaba-com-os-dois-na-mesma-ambulancia","status":"publish","type":"post","link":"https:\/\/madeiraisland.news\/?p=1208406","title":{"rendered":"Pancadaria entre jovens acaba com os dois na mesma ambul\u00e2ncia"},"content":{"rendered":"<p>Dois jovens, de 16 e 20 anos, envolveram-se numa troca de agress\u00f5es, durante a \u00faltima madrugada, na Rua Carvalho Ara\u00fajo, no Funchal.<br \/>\nA ocorr\u00eancia foi registada por volta das 2h00, tendo sido mobilizada para o local uma ambul\u00e2ncia dos Bombeiros Sapadores do Funchal, com tr\u00eas elementos.<br \/>\nNa sequ\u00eancia da pancadaria, os dois jovens apresentavam pequenas escoria\u00e7\u00f5es e necessitaram de assist\u00eancia.<br \/>\nAcabaram ambos por ser transportados, na mesma ambul\u00e2ncia, para o Hospital Dr. N\u00e9lio Mendon\u00e7a.<\/p>\n","protected":false},"excerpt":{"rendered":"<p>Dois jovens, de 16 e 20 anos, envolveram-se numa troca de agress\u00f5es, durante a \u00faltima madrugada, na Rua Carvalho Ara\u00fajo, &#8230; <\/p>\n<p class=\"read-more-container\"><a title=\"Pancadaria entre jovens acaba com os dois na mesma ambul\u00e2ncia\" class=\"read-more button\" href=\"https:\/\/madeiraisland.news\/?p=1208406#more-1208406\" aria-label=\"Read more about Pancadaria entre jovens acaba com os dois na mesma ambul\u00e2ncia\">Read more<\/a><\/p>\n","protected":false},"author":304,"featured_media":0,"comment_status":"open","ping_status":"","sticky":false,"template":"","format":"standard","meta":{"footnotes":""},"categories":[19],"tags":[],"class_list":["post-1208406","post","type-post","status-publish","format-standard","hentry","category-madeira-island-news","infinite-scroll-item","masonry-post","generate-columns","tablet-grid-50","mobile-grid-100","grid-parent","grid-33"],"_links":{"self":[{"href":"https:\/\/madeiraisland.news\/index.php?rest_route=\/wp\/v2\/posts\/1208406","targetHints":{"allow":["GET"]}}],"collection":[{"href":"https:\/\/madeiraisland.news\/index.php?rest_route=\/wp\/v2\/posts"}],"about":[{"href":"https:\/\/madeiraisland.news\/index.php?rest_route=\/wp\/v2\/types\/post"}],"author":[{"embeddable":true,"href":"https:\/\/madeiraisland.news\/index.php?rest_route=\/wp\/v2\/users\/304"}],"replies":[{"embeddable":true,"href":"https:\/\/madeiraisland.news\/index.php?rest_route=%2Fwp%2Fv2%2Fcomments&post=1208406"}],"version-history":[{"count":1,"href":"https:\/\/madeiraisland.news\/index.php?rest_route=\/wp\/v2\/posts\/1208406\/revisions"}],"predecessor-version":[{"id":1208407,"href":"https:\/\/madeiraisland.news\/index.php?rest_route=\/wp\/v2\/posts\/1208406\/revisions\/1208407"}],"wp:attachment":[{"href":"https:\/\/madeiraisland.news\/index.php?rest_route=%2Fwp%2Fv2%2Fmedia&parent=1208406"}],"wp:term":[{"taxonomy":"category","embeddable":true,"href":"https:\/\/madeiraisland.news\/index.php?rest_route=%2Fwp%2Fv2%2Fcategories&post=1208406"},{"taxonomy":"post_tag","embeddable":true,"href":"https:\/\/madeiraisland.news\/index.php?rest_route=%2Fwp%2Fv2%2Ftags&post=1208406"}],"curies":[{"name":"wp","href":"https:\/\/api.w.org\/{rel}","templated":true}]}}