{"id":1208403,"date":"2026-09-02T06:31:49","date_gmt":"2026-09-02T06:31:49","guid":{"rendered":"https:\/\/madeiraisland.news\/?p=1208403"},"modified":"2026-09-02T06:50:01","modified_gmt":"2026-09-02T06:50:01","slug":"so-quatro-indemnizacoes-estao-fechadas-apos-tragedia-do-elevador-da-gloria","status":"publish","type":"post","link":"https:\/\/madeiraisland.news\/?p=1208403","title":{"rendered":"S\u00f3 quatro indemniza\u00e7\u00f5es est\u00e3o fechadas ap\u00f3s trag\u00e9dia do Elevador da Gl\u00f3ria"},"content":{"rendered":"<p>Um ano depois, continuam por responder algumas das perguntas mais importantes sobre a trag\u00e9dia do elevador da Gl\u00f3ria. Quem falhou, por que raz\u00e3o falhou e quem ser\u00e1 responsabilizado pelo acidente que provocou 16 mortos e 24 feridos continuam sem resposta definitiva. Tamb\u00e9m no plano das indemniza\u00e7\u00f5es o processo est\u00e1 longe de encerrado: at\u00e9 agora, apenas foram alcan\u00e7ados acordos com as fam\u00edlias de quatro v\u00edtimas mortais.<br \/>\nO descarrilamento ocorreu pelas 18 horas de 3 de Setembro de 2025 e transformo<\/p>\n","protected":false},"excerpt":{"rendered":"<p>Um ano depois, continuam por responder algumas das perguntas mais importantes sobre a trag\u00e9dia do elevador da Gl\u00f3ria. Quem falhou, por que raz\u00e3o falhou e quem ser\u00e1 responsabilizado pelo acidente que provocou 16 mortos e<\/p>\n","protected":false},"author":5,"featured_media":0,"comment_status":"open","ping_status":"","sticky":false,"template":"","format":"standard","meta":{"footnotes":""},"categories":[19],"tags":[],"class_list":["post-1208403","post","type-post","status-publish","format-standard","hentry","category-madeira-island-news","infinite-scroll-item","masonry-post","generate-columns","tablet-grid-50","mobile-grid-100","grid-parent","grid-33"],"_links":{"self":[{"href":"https:\/\/madeiraisland.news\/index.php?rest_route=\/wp\/v2\/posts\/1208403","targetHints":{"allow":["GET"]}}],"collection":[{"href":"https:\/\/madeiraisland.news\/index.php?rest_route=\/wp\/v2\/posts"}],"about":[{"href":"https:\/\/madeiraisland.news\/index.php?rest_route=\/wp\/v2\/types\/post"}],"author":[{"embeddable":true,"href":"https:\/\/madeiraisland.news\/index.php?rest_route=\/wp\/v2\/users\/5"}],"replies":[{"embeddable":true,"href":"https:\/\/madeiraisland.news\/index.php?rest_route=%2Fwp%2Fv2%2Fcomments&post=1208403"}],"version-history":[{"count":2,"href":"https:\/\/madeiraisland.news\/index.php?rest_route=\/wp\/v2\/posts\/1208403\/revisions"}],"predecessor-version":[{"id":1208405,"href":"https:\/\/madeiraisland.news\/index.php?rest_route=\/wp\/v2\/posts\/1208403\/revisions\/1208405"}],"wp:attachment":[{"href":"https:\/\/madeiraisland.news\/index.php?rest_route=%2Fwp%2Fv2%2Fmedia&parent=1208403"}],"wp:term":[{"taxonomy":"category","embeddable":true,"href":"https:\/\/madeiraisland.news\/index.php?rest_route=%2Fwp%2Fv2%2Fcategories&post=1208403"},{"taxonomy":"post_tag","embeddable":true,"href":"https:\/\/madeiraisland.news\/index.php?rest_route=%2Fwp%2Fv2%2Ftags&post=1208403"}],"curies":[{"name":"wp","href":"https:\/\/api.w.org\/{rel}","templated":true}]}}