{"id":1208400,"date":"2026-09-02T06:36:38","date_gmt":"2026-09-02T06:36:38","guid":{"rendered":"https:\/\/madeiraisland.news\/?p=1208400"},"modified":"2026-09-02T06:50:01","modified_gmt":"2026-09-02T06:50:01","slug":"juros-da-divida-crise-politica-e-mercado-de-transferencias-dominam-capas-nacionais","status":"publish","type":"post","link":"https:\/\/madeiraisland.news\/?p=1208400","title":{"rendered":"Juros da d\u00edvida, crise pol\u00edtica e mercado de transfer\u00eancias dominam capas nacionais"},"content":{"rendered":"<p>Os custos da d\u00edvida p\u00fablica, a crise pol\u00edtica em torno de Lu\u00eds Neves e Andr\u00e9 Ventura e o fecho do mercado de transfer\u00eancias s\u00e3o os temas que mais se repetem nas primeiras p\u00e1ginas da imprensa nacional desta quarta-feira, 2 de Setembro. A infla\u00e7\u00e3o, a guerra e a habita\u00e7\u00e3o tamb\u00e9m marcam presen\u00e7a nas capas.<br \/>\nDesde logo o \u2018Correio da Manh\u00e3\u2019 abre com as contas do Governo para o Or\u00e7amento do Estado de 2027 e noticia que os juros da d\u00edvida p\u00fablica dever\u00e3o custar mais dois milh\u00f5es de euros por dia.<br \/>\nTamb\u00e9m<\/p>\n","protected":false},"excerpt":{"rendered":"<p>Os custos da d\u00edvida p\u00fablica, a crise pol\u00edtica em torno de Lu\u00eds Neves e Andr\u00e9 Ventura e o fecho do mercado de transfer\u00eancias s\u00e3o os temas que mais se repetem nas primeiras p\u00e1ginas da imprensa<\/p>\n","protected":false},"author":5,"featured_media":0,"comment_status":"open","ping_status":"","sticky":false,"template":"","format":"standard","meta":{"footnotes":""},"categories":[19],"tags":[],"class_list":["post-1208400","post","type-post","status-publish","format-standard","hentry","category-madeira-island-news","infinite-scroll-item","masonry-post","generate-columns","tablet-grid-50","mobile-grid-100","grid-parent","grid-33"],"_links":{"self":[{"href":"https:\/\/madeiraisland.news\/index.php?rest_route=\/wp\/v2\/posts\/1208400","targetHints":{"allow":["GET"]}}],"collection":[{"href":"https:\/\/madeiraisland.news\/index.php?rest_route=\/wp\/v2\/posts"}],"about":[{"href":"https:\/\/madeiraisland.news\/index.php?rest_route=\/wp\/v2\/types\/post"}],"author":[{"embeddable":true,"href":"https:\/\/madeiraisland.news\/index.php?rest_route=\/wp\/v2\/users\/5"}],"replies":[{"embeddable":true,"href":"https:\/\/madeiraisland.news\/index.php?rest_route=%2Fwp%2Fv2%2Fcomments&post=1208400"}],"version-history":[{"count":2,"href":"https:\/\/madeiraisland.news\/index.php?rest_route=\/wp\/v2\/posts\/1208400\/revisions"}],"predecessor-version":[{"id":1208402,"href":"https:\/\/madeiraisland.news\/index.php?rest_route=\/wp\/v2\/posts\/1208400\/revisions\/1208402"}],"wp:attachment":[{"href":"https:\/\/madeiraisland.news\/index.php?rest_route=%2Fwp%2Fv2%2Fmedia&parent=1208400"}],"wp:term":[{"taxonomy":"category","embeddable":true,"href":"https:\/\/madeiraisland.news\/index.php?rest_route=%2Fwp%2Fv2%2Fcategories&post=1208400"},{"taxonomy":"post_tag","embeddable":true,"href":"https:\/\/madeiraisland.news\/index.php?rest_route=%2Fwp%2Fv2%2Ftags&post=1208400"}],"curies":[{"name":"wp","href":"https:\/\/api.w.org\/{rel}","templated":true}]}}