{"id":1208397,"date":"2026-09-02T04:02:00","date_gmt":"2026-09-02T04:02:00","guid":{"rendered":"https:\/\/madeiraisland.news\/?p=1208397"},"modified":"2026-09-02T04:15:05","modified_gmt":"2026-09-02T04:15:05","slug":"programa-cheque-livro-ultrapassa-52-mil-vouchers-e-mais-de-85-foram-usados","status":"publish","type":"post","link":"https:\/\/madeiraisland.news\/?p=1208397","title":{"rendered":"Programa cheque-livro ultrapassa 52 mil vouchers e mais de 85% foram usados"},"content":{"rendered":"<p>A segunda edi\u00e7\u00e3o do cheque-livro, que encerrou na segunda-feira, apresenta uma emiss\u00e3o de 52.448 vouchers, dos quais foram usados 45.075, cerca de 85,9% dos emitidos, anunciou hoje o Minist\u00e9rio da Cultura.<br \/>\nEntre janeiro e agosto deste ano, segundo os dados divulgados pelo Minist\u00e9rio da Cultura, Juventude e Desporto, &#8220;foram emitidos 52.448 e utilizados 45.075 vouchers de 30 euros para a aquisi\u00e7\u00e3o de livros&#8221;, numa a\u00e7\u00e3o dirigida a &#8220;um universo de 207.086 benefici\u00e1rios&#8221;, jovens residentes em Portuga<\/p>\n","protected":false},"excerpt":{"rendered":"<p>A segunda edi\u00e7\u00e3o do cheque-livro, que encerrou na segunda-feira, apresenta uma emiss\u00e3o de 52.448 vouchers, dos quais foram usados 45.075, cerca de 85,9% dos emitidos, anunciou hoje o Minist\u00e9rio da Cultura. Entre janeiro e agosto<\/p>\n","protected":false},"author":5,"featured_media":0,"comment_status":"open","ping_status":"","sticky":false,"template":"","format":"standard","meta":{"footnotes":""},"categories":[19],"tags":[],"class_list":["post-1208397","post","type-post","status-publish","format-standard","hentry","category-madeira-island-news","infinite-scroll-item","masonry-post","generate-columns","tablet-grid-50","mobile-grid-100","grid-parent","grid-33"],"_links":{"self":[{"href":"https:\/\/madeiraisland.news\/index.php?rest_route=\/wp\/v2\/posts\/1208397","targetHints":{"allow":["GET"]}}],"collection":[{"href":"https:\/\/madeiraisland.news\/index.php?rest_route=\/wp\/v2\/posts"}],"about":[{"href":"https:\/\/madeiraisland.news\/index.php?rest_route=\/wp\/v2\/types\/post"}],"author":[{"embeddable":true,"href":"https:\/\/madeiraisland.news\/index.php?rest_route=\/wp\/v2\/users\/5"}],"replies":[{"embeddable":true,"href":"https:\/\/madeiraisland.news\/index.php?rest_route=%2Fwp%2Fv2%2Fcomments&post=1208397"}],"version-history":[{"count":2,"href":"https:\/\/madeiraisland.news\/index.php?rest_route=\/wp\/v2\/posts\/1208397\/revisions"}],"predecessor-version":[{"id":1208399,"href":"https:\/\/madeiraisland.news\/index.php?rest_route=\/wp\/v2\/posts\/1208397\/revisions\/1208399"}],"wp:attachment":[{"href":"https:\/\/madeiraisland.news\/index.php?rest_route=%2Fwp%2Fv2%2Fmedia&parent=1208397"}],"wp:term":[{"taxonomy":"category","embeddable":true,"href":"https:\/\/madeiraisland.news\/index.php?rest_route=%2Fwp%2Fv2%2Fcategories&post=1208397"},{"taxonomy":"post_tag","embeddable":true,"href":"https:\/\/madeiraisland.news\/index.php?rest_route=%2Fwp%2Fv2%2Ftags&post=1208397"}],"curies":[{"name":"wp","href":"https:\/\/api.w.org\/{rel}","templated":true}]}}