{"id":1208390,"date":"2026-09-01T22:11:44","date_gmt":"2026-09-01T22:11:44","guid":{"rendered":"https:\/\/madeiraisland.news\/?p=1208390"},"modified":"2026-09-01T22:23:55","modified_gmt":"2026-09-01T22:23:55","slug":"psp-madeira-148-anos-ao-servico-da-comunidade-desde-1877","status":"publish","type":"post","link":"https:\/\/madeiraisland.news\/?p=1208390","title":{"rendered":"PSP Madeira \u2013 148 Anos \u2013 Ao servi\u00e7o da comunidade desde 1877"},"content":{"rendered":"<p>AF! A PSP Madeira assinala hoje 148 anos de presen\u00e7a na Regi\u00e3o Aut\u00f3noma da Madeira, numa cerim\u00f3nia comemorativa no Museu de Imprensa da Madeira, em C\u00e2mara de Lobos, com a participa\u00e7\u00e3o de entidades regionais e nacionais. A efem\u00e9ride marca quase s\u00e9culo e meio de servi\u00e7o p\u00fablico, proximidade \u00e0s popula\u00e7\u00f5es e miss\u00e3o de seguran\u00e7a na Regi\u00e3o. [\u2026]<\/p>\n","protected":false},"excerpt":{"rendered":"<p>AF! A PSP Madeira assinala hoje 148 anos de presen\u00e7a na Regi\u00e3o Aut\u00f3noma da Madeira, numa cerim\u00f3nia comemorativa no Museu &#8230; <\/p>\n<p class=\"read-more-container\"><a title=\"PSP Madeira \u2013 148 Anos \u2013 Ao servi\u00e7o da comunidade desde 1877\" class=\"read-more button\" href=\"https:\/\/madeiraisland.news\/?p=1208390#more-1208390\" aria-label=\"Read more about PSP Madeira \u2013 148 Anos \u2013 Ao servi\u00e7o da comunidade desde 1877\">Read more<\/a><\/p>\n","protected":false},"author":260,"featured_media":0,"comment_status":"open","ping_status":"","sticky":false,"template":"","format":"standard","meta":{"footnotes":""},"categories":[19],"tags":[],"class_list":["post-1208390","post","type-post","status-publish","format-standard","hentry","category-madeira-island-news","infinite-scroll-item","masonry-post","generate-columns","tablet-grid-50","mobile-grid-100","grid-parent","grid-33"],"_links":{"self":[{"href":"https:\/\/madeiraisland.news\/index.php?rest_route=\/wp\/v2\/posts\/1208390","targetHints":{"allow":["GET"]}}],"collection":[{"href":"https:\/\/madeiraisland.news\/index.php?rest_route=\/wp\/v2\/posts"}],"about":[{"href":"https:\/\/madeiraisland.news\/index.php?rest_route=\/wp\/v2\/types\/post"}],"author":[{"embeddable":true,"href":"https:\/\/madeiraisland.news\/index.php?rest_route=\/wp\/v2\/users\/260"}],"replies":[{"embeddable":true,"href":"https:\/\/madeiraisland.news\/index.php?rest_route=%2Fwp%2Fv2%2Fcomments&post=1208390"}],"version-history":[{"count":1,"href":"https:\/\/madeiraisland.news\/index.php?rest_route=\/wp\/v2\/posts\/1208390\/revisions"}],"predecessor-version":[{"id":1208391,"href":"https:\/\/madeiraisland.news\/index.php?rest_route=\/wp\/v2\/posts\/1208390\/revisions\/1208391"}],"wp:attachment":[{"href":"https:\/\/madeiraisland.news\/index.php?rest_route=%2Fwp%2Fv2%2Fmedia&parent=1208390"}],"wp:term":[{"taxonomy":"category","embeddable":true,"href":"https:\/\/madeiraisland.news\/index.php?rest_route=%2Fwp%2Fv2%2Fcategories&post=1208390"},{"taxonomy":"post_tag","embeddable":true,"href":"https:\/\/madeiraisland.news\/index.php?rest_route=%2Fwp%2Fv2%2Ftags&post=1208390"}],"curies":[{"name":"wp","href":"https:\/\/api.w.org\/{rel}","templated":true}]}}