{"id":1208385,"date":"2026-09-01T20:02:00","date_gmt":"2026-09-01T20:02:00","guid":{"rendered":"https:\/\/madeiraisland.news\/?p=1208385"},"modified":"2026-09-01T20:18:45","modified_gmt":"2026-09-01T20:18:45","slug":"22-mortos-em-quatro-meses-de-epoca-balnear-em-portugal","status":"publish","type":"post","link":"https:\/\/madeiraisland.news\/?p=1208385","title":{"rendered":"22 mortos em quatro meses de \u00e9poca balnear em Portugal"},"content":{"rendered":"<p>A Autoridade Mar\u00edtima Nacional (AMN) registou 22 mortes nas praias portuguesas nos quatro meses da \u00e9poca balnear, segundo um balan\u00e7o divulgado hoje que assinala ainda 1.285 salvamentos e 2.359 a\u00e7\u00f5es de primeiros-socorros.<br \/>\nEm comunicado, a AMN referiu que dos quatro casos envolvendo v\u00edtimas mortais registados no m\u00eas de agosto, tr\u00eas t\u00eam &#8220;causa em doen\u00e7a s\u00fabita&#8221;.<br \/>\nSobre as 22 mortes durante a \u00e9poca balnear, entre 01 de maio e 31 de agosto, 12 ocorreram por afogamento, tr\u00eas em praias mar\u00edtimas vigiad<\/p>\n","protected":false},"excerpt":{"rendered":"<p>A Autoridade Mar\u00edtima Nacional (AMN) registou 22 mortes nas praias portuguesas nos quatro meses da \u00e9poca balnear, segundo um balan\u00e7o divulgado hoje que assinala ainda 1.285 salvamentos e 2.359 a\u00e7\u00f5es de primeiros-socorros. Em comunicado, a<\/p>\n","protected":false},"author":5,"featured_media":0,"comment_status":"open","ping_status":"","sticky":false,"template":"","format":"standard","meta":{"footnotes":""},"categories":[19],"tags":[],"class_list":["post-1208385","post","type-post","status-publish","format-standard","hentry","category-madeira-island-news","infinite-scroll-item","masonry-post","generate-columns","tablet-grid-50","mobile-grid-100","grid-parent","grid-33"],"_links":{"self":[{"href":"https:\/\/madeiraisland.news\/index.php?rest_route=\/wp\/v2\/posts\/1208385","targetHints":{"allow":["GET"]}}],"collection":[{"href":"https:\/\/madeiraisland.news\/index.php?rest_route=\/wp\/v2\/posts"}],"about":[{"href":"https:\/\/madeiraisland.news\/index.php?rest_route=\/wp\/v2\/types\/post"}],"author":[{"embeddable":true,"href":"https:\/\/madeiraisland.news\/index.php?rest_route=\/wp\/v2\/users\/5"}],"replies":[{"embeddable":true,"href":"https:\/\/madeiraisland.news\/index.php?rest_route=%2Fwp%2Fv2%2Fcomments&post=1208385"}],"version-history":[{"count":2,"href":"https:\/\/madeiraisland.news\/index.php?rest_route=\/wp\/v2\/posts\/1208385\/revisions"}],"predecessor-version":[{"id":1208387,"href":"https:\/\/madeiraisland.news\/index.php?rest_route=\/wp\/v2\/posts\/1208385\/revisions\/1208387"}],"wp:attachment":[{"href":"https:\/\/madeiraisland.news\/index.php?rest_route=%2Fwp%2Fv2%2Fmedia&parent=1208385"}],"wp:term":[{"taxonomy":"category","embeddable":true,"href":"https:\/\/madeiraisland.news\/index.php?rest_route=%2Fwp%2Fv2%2Fcategories&post=1208385"},{"taxonomy":"post_tag","embeddable":true,"href":"https:\/\/madeiraisland.news\/index.php?rest_route=%2Fwp%2Fv2%2Ftags&post=1208385"}],"curies":[{"name":"wp","href":"https:\/\/api.w.org\/{rel}","templated":true}]}}