{"id":1208379,"date":"2026-09-01T19:31:14","date_gmt":"2026-09-01T19:31:14","guid":{"rendered":"https:\/\/madeiraisland.news\/?p=1208379"},"modified":"2026-09-01T19:51:53","modified_gmt":"2026-09-01T19:51:53","slug":"chega-ainda-nao-tomou-decisao-sobre-mocao-de-censura-e-acusa-mai-de-arrogancia","status":"publish","type":"post","link":"https:\/\/madeiraisland.news\/?p=1208379","title":{"rendered":"Chega ainda n\u00e3o tomou decis\u00e3o sobre mo\u00e7\u00e3o de censura e acusa MAI de arrog\u00e2ncia"},"content":{"rendered":"<p>O presidente do Chega disse hoje ainda n\u00e3o ter tomado uma decis\u00e3o sobre a apresenta\u00e7\u00e3o de uma mo\u00e7\u00e3o de censura ao Governo, remetendo-a &#8220;provavelmente&#8221; para quarta-feira, e acusou o ministro da Administra\u00e7\u00e3o Interna de arrog\u00e2ncia.<br \/>\n&#8220;Ainda n\u00e3o tom\u00e1mos uma decis\u00e3o sobre isso&#8221;, afirmou Andr\u00e9 Ventura, em declara\u00e7\u00f5es transmitidas pela RTP, remetendo para &#8220;amanh\u00e3 [quarta-feira], provavelmente&#8221; uma posi\u00e7\u00e3o sobre a mat\u00e9ria.<br \/>\nFalando na Assembleia da Rep\u00fablica, o l\u00edder do Chega disse ainda estar &#8220;fazer v\u00e1ri<\/p>\n","protected":false},"excerpt":{"rendered":"<p>O presidente do Chega disse hoje ainda n\u00e3o ter tomado uma decis\u00e3o sobre a apresenta\u00e7\u00e3o de uma mo\u00e7\u00e3o de censura ao Governo, remetendo-a &#8220;provavelmente&#8221; para quarta-feira, e acusou o ministro da Administra\u00e7\u00e3o Interna de arrog\u00e2ncia.<\/p>\n","protected":false},"author":5,"featured_media":0,"comment_status":"open","ping_status":"","sticky":false,"template":"","format":"standard","meta":{"footnotes":""},"categories":[19],"tags":[],"class_list":["post-1208379","post","type-post","status-publish","format-standard","hentry","category-madeira-island-news","infinite-scroll-item","masonry-post","generate-columns","tablet-grid-50","mobile-grid-100","grid-parent","grid-33"],"_links":{"self":[{"href":"https:\/\/madeiraisland.news\/index.php?rest_route=\/wp\/v2\/posts\/1208379","targetHints":{"allow":["GET"]}}],"collection":[{"href":"https:\/\/madeiraisland.news\/index.php?rest_route=\/wp\/v2\/posts"}],"about":[{"href":"https:\/\/madeiraisland.news\/index.php?rest_route=\/wp\/v2\/types\/post"}],"author":[{"embeddable":true,"href":"https:\/\/madeiraisland.news\/index.php?rest_route=\/wp\/v2\/users\/5"}],"replies":[{"embeddable":true,"href":"https:\/\/madeiraisland.news\/index.php?rest_route=%2Fwp%2Fv2%2Fcomments&post=1208379"}],"version-history":[{"count":2,"href":"https:\/\/madeiraisland.news\/index.php?rest_route=\/wp\/v2\/posts\/1208379\/revisions"}],"predecessor-version":[{"id":1208381,"href":"https:\/\/madeiraisland.news\/index.php?rest_route=\/wp\/v2\/posts\/1208379\/revisions\/1208381"}],"wp:attachment":[{"href":"https:\/\/madeiraisland.news\/index.php?rest_route=%2Fwp%2Fv2%2Fmedia&parent=1208379"}],"wp:term":[{"taxonomy":"category","embeddable":true,"href":"https:\/\/madeiraisland.news\/index.php?rest_route=%2Fwp%2Fv2%2Fcategories&post=1208379"},{"taxonomy":"post_tag","embeddable":true,"href":"https:\/\/madeiraisland.news\/index.php?rest_route=%2Fwp%2Fv2%2Ftags&post=1208379"}],"curies":[{"name":"wp","href":"https:\/\/api.w.org\/{rel}","templated":true}]}}