{"id":1208377,"date":"2026-09-01T18:51:05","date_gmt":"2026-09-01T18:51:05","guid":{"rendered":"https:\/\/madeiraisland.news\/?p=1208377"},"modified":"2026-09-01T19:00:46","modified_gmt":"2026-09-01T19:00:46","slug":"alteracoes-de-transito-ponte-pedonal-passa-a-ser-apenas-um-enfeite-trancado-a-ferros","status":"publish","type":"post","link":"https:\/\/madeiraisland.news\/?p=1208377","title":{"rendered":"Altera\u00e7\u00f5es de tr\u00e2nsito: ponte pedonal passa a ser apenas um \u201cenfeite\u201d trancado a ferros"},"content":{"rendered":"<p>Rui Marote A actual C\u00e2mara \u201cherdou\u201d uma cidade cheia de cicatrizes e tenta remendar os problemas usando \u201cpano novo numa roupa velha\u201d. \u00c9 o que, na opini\u00e3o de muitos, vem acontecer com as anunciadas altera\u00e7\u00f5es rodovi\u00e1rias no Funchal e o encerramento de uma ponte, transformada em \u201celefante branco\u201d. \u00c9 j\u00e1 a partir de amanh\u00e3, dia [\u2026]<\/p>\n","protected":false},"excerpt":{"rendered":"<p>Rui Marote A actual C\u00e2mara \u201cherdou\u201d uma cidade cheia de cicatrizes e tenta remendar os problemas usando \u201cpano novo numa &#8230; <\/p>\n<p class=\"read-more-container\"><a title=\"Altera\u00e7\u00f5es de tr\u00e2nsito: ponte pedonal passa a ser apenas um \u201cenfeite\u201d trancado a ferros\" class=\"read-more button\" href=\"https:\/\/madeiraisland.news\/?p=1208377#more-1208377\" aria-label=\"Read more about Altera\u00e7\u00f5es de tr\u00e2nsito: ponte pedonal passa a ser apenas um \u201cenfeite\u201d trancado a ferros\">Read more<\/a><\/p>\n","protected":false},"author":260,"featured_media":0,"comment_status":"open","ping_status":"","sticky":false,"template":"","format":"standard","meta":{"footnotes":""},"categories":[19],"tags":[],"class_list":["post-1208377","post","type-post","status-publish","format-standard","hentry","category-madeira-island-news","infinite-scroll-item","masonry-post","generate-columns","tablet-grid-50","mobile-grid-100","grid-parent","grid-33"],"_links":{"self":[{"href":"https:\/\/madeiraisland.news\/index.php?rest_route=\/wp\/v2\/posts\/1208377","targetHints":{"allow":["GET"]}}],"collection":[{"href":"https:\/\/madeiraisland.news\/index.php?rest_route=\/wp\/v2\/posts"}],"about":[{"href":"https:\/\/madeiraisland.news\/index.php?rest_route=\/wp\/v2\/types\/post"}],"author":[{"embeddable":true,"href":"https:\/\/madeiraisland.news\/index.php?rest_route=\/wp\/v2\/users\/260"}],"replies":[{"embeddable":true,"href":"https:\/\/madeiraisland.news\/index.php?rest_route=%2Fwp%2Fv2%2Fcomments&post=1208377"}],"version-history":[{"count":1,"href":"https:\/\/madeiraisland.news\/index.php?rest_route=\/wp\/v2\/posts\/1208377\/revisions"}],"predecessor-version":[{"id":1208378,"href":"https:\/\/madeiraisland.news\/index.php?rest_route=\/wp\/v2\/posts\/1208377\/revisions\/1208378"}],"wp:attachment":[{"href":"https:\/\/madeiraisland.news\/index.php?rest_route=%2Fwp%2Fv2%2Fmedia&parent=1208377"}],"wp:term":[{"taxonomy":"category","embeddable":true,"href":"https:\/\/madeiraisland.news\/index.php?rest_route=%2Fwp%2Fv2%2Fcategories&post=1208377"},{"taxonomy":"post_tag","embeddable":true,"href":"https:\/\/madeiraisland.news\/index.php?rest_route=%2Fwp%2Fv2%2Ftags&post=1208377"}],"curies":[{"name":"wp","href":"https:\/\/api.w.org\/{rel}","templated":true}]}}