{"id":1208375,"date":"2026-09-01T18:59:13","date_gmt":"2026-09-01T18:59:13","guid":{"rendered":"https:\/\/madeiraisland.news\/?p=1208375"},"modified":"2026-09-01T19:00:46","modified_gmt":"2026-09-01T19:00:46","slug":"carlos-rodrigues-critica-a-vaidade-e-deselegancia-do-discurso-de-luis-neves","status":"publish","type":"post","link":"https:\/\/madeiraisland.news\/?p=1208375","title":{"rendered":"Carlos Rodrigues critica a \u201cvaidade\u201d e \u201cdeseleg\u00e2ncia\u201d do discurso de Lu\u00eds Neves"},"content":{"rendered":"<p>O vice-presidente da CMF, Carlos Rodrigues, n\u00e3o poupou hoje a cr\u00edticas o ministro da Administra\u00e7\u00e3o Interna, Lu\u00eds Neves, e fez eco do seu desagrado com ele numa publica\u00e7\u00e3o na sua p\u00e1gina pessoal da rede social Facebook. O coment\u00e1rio que fez teve, inclusive, repercuss\u00e3o nos media nacionais, com a CNN. \u201cAcabei de assistir a um dos [\u2026]<\/p>\n","protected":false},"excerpt":{"rendered":"<p>O vice-presidente da CMF, Carlos Rodrigues, n\u00e3o poupou hoje a cr\u00edticas o ministro da Administra\u00e7\u00e3o Interna, Lu\u00eds Neves, e fez &#8230; <\/p>\n<p class=\"read-more-container\"><a title=\"Carlos Rodrigues critica a \u201cvaidade\u201d e \u201cdeseleg\u00e2ncia\u201d do discurso de Lu\u00eds Neves\" class=\"read-more button\" href=\"https:\/\/madeiraisland.news\/?p=1208375#more-1208375\" aria-label=\"Read more about Carlos Rodrigues critica a \u201cvaidade\u201d e \u201cdeseleg\u00e2ncia\u201d do discurso de Lu\u00eds Neves\">Read more<\/a><\/p>\n","protected":false},"author":258,"featured_media":0,"comment_status":"open","ping_status":"","sticky":false,"template":"","format":"standard","meta":{"footnotes":""},"categories":[19],"tags":[],"class_list":["post-1208375","post","type-post","status-publish","format-standard","hentry","category-madeira-island-news","infinite-scroll-item","masonry-post","generate-columns","tablet-grid-50","mobile-grid-100","grid-parent","grid-33"],"_links":{"self":[{"href":"https:\/\/madeiraisland.news\/index.php?rest_route=\/wp\/v2\/posts\/1208375","targetHints":{"allow":["GET"]}}],"collection":[{"href":"https:\/\/madeiraisland.news\/index.php?rest_route=\/wp\/v2\/posts"}],"about":[{"href":"https:\/\/madeiraisland.news\/index.php?rest_route=\/wp\/v2\/types\/post"}],"author":[{"embeddable":true,"href":"https:\/\/madeiraisland.news\/index.php?rest_route=\/wp\/v2\/users\/258"}],"replies":[{"embeddable":true,"href":"https:\/\/madeiraisland.news\/index.php?rest_route=%2Fwp%2Fv2%2Fcomments&post=1208375"}],"version-history":[{"count":1,"href":"https:\/\/madeiraisland.news\/index.php?rest_route=\/wp\/v2\/posts\/1208375\/revisions"}],"predecessor-version":[{"id":1208376,"href":"https:\/\/madeiraisland.news\/index.php?rest_route=\/wp\/v2\/posts\/1208375\/revisions\/1208376"}],"wp:attachment":[{"href":"https:\/\/madeiraisland.news\/index.php?rest_route=%2Fwp%2Fv2%2Fmedia&parent=1208375"}],"wp:term":[{"taxonomy":"category","embeddable":true,"href":"https:\/\/madeiraisland.news\/index.php?rest_route=%2Fwp%2Fv2%2Fcategories&post=1208375"},{"taxonomy":"post_tag","embeddable":true,"href":"https:\/\/madeiraisland.news\/index.php?rest_route=%2Fwp%2Fv2%2Ftags&post=1208375"}],"curies":[{"name":"wp","href":"https:\/\/api.w.org\/{rel}","templated":true}]}}