{"id":1208373,"date":"2026-09-01T17:48:51","date_gmt":"2026-09-01T17:48:51","guid":{"rendered":"https:\/\/madeiraisland.news\/?p=1208373"},"modified":"2026-09-01T17:59:51","modified_gmt":"2026-09-01T17:59:51","slug":"gr-e-causa-social-apostam-na-formacao-das-ajudantes-domiciliarias-com-projecto-bem-cuidar","status":"publish","type":"post","link":"https:\/\/madeiraisland.news\/?p=1208373","title":{"rendered":"GR e Causa Social apostam na forma\u00e7\u00e3o das ajudantes domicili\u00e1rias com projecto \u201cBem Cuidar\u201d"},"content":{"rendered":"<p>Uma nota da Secretaria Regional da Inclus\u00e3o, Trabalho e Juventude diz que refor\u00e7ar as compet\u00eancias, valorizar profissionalmente e promover a qualifica\u00e7\u00e3o cont\u00ednua das ajudantes domicili\u00e1rias s\u00e3o os principais objectivos da 5.\u00aa edi\u00e7\u00e3o do projeto \u2018Bem Cuidar\u2019, que decorre ao longo dos pr\u00f3ximos tr\u00eas meses e abrange cerca de 500 profissionais da Regi\u00e3o. A iniciativa, dinamizada [\u2026]<\/p>\n","protected":false},"excerpt":{"rendered":"<p>Uma nota da Secretaria Regional da Inclus\u00e3o, Trabalho e Juventude diz que refor\u00e7ar as compet\u00eancias, valorizar profissionalmente e promover a &#8230; <\/p>\n<p class=\"read-more-container\"><a title=\"GR e Causa Social apostam na forma\u00e7\u00e3o das ajudantes domicili\u00e1rias com projecto \u201cBem Cuidar\u201d\" class=\"read-more button\" href=\"https:\/\/madeiraisland.news\/?p=1208373#more-1208373\" aria-label=\"Read more about GR e Causa Social apostam na forma\u00e7\u00e3o das ajudantes domicili\u00e1rias com projecto \u201cBem Cuidar\u201d\">Read more<\/a><\/p>\n","protected":false},"author":258,"featured_media":0,"comment_status":"open","ping_status":"","sticky":false,"template":"","format":"standard","meta":{"footnotes":""},"categories":[19],"tags":[],"class_list":["post-1208373","post","type-post","status-publish","format-standard","hentry","category-madeira-island-news","infinite-scroll-item","masonry-post","generate-columns","tablet-grid-50","mobile-grid-100","grid-parent","grid-33"],"_links":{"self":[{"href":"https:\/\/madeiraisland.news\/index.php?rest_route=\/wp\/v2\/posts\/1208373","targetHints":{"allow":["GET"]}}],"collection":[{"href":"https:\/\/madeiraisland.news\/index.php?rest_route=\/wp\/v2\/posts"}],"about":[{"href":"https:\/\/madeiraisland.news\/index.php?rest_route=\/wp\/v2\/types\/post"}],"author":[{"embeddable":true,"href":"https:\/\/madeiraisland.news\/index.php?rest_route=\/wp\/v2\/users\/258"}],"replies":[{"embeddable":true,"href":"https:\/\/madeiraisland.news\/index.php?rest_route=%2Fwp%2Fv2%2Fcomments&post=1208373"}],"version-history":[{"count":1,"href":"https:\/\/madeiraisland.news\/index.php?rest_route=\/wp\/v2\/posts\/1208373\/revisions"}],"predecessor-version":[{"id":1208374,"href":"https:\/\/madeiraisland.news\/index.php?rest_route=\/wp\/v2\/posts\/1208373\/revisions\/1208374"}],"wp:attachment":[{"href":"https:\/\/madeiraisland.news\/index.php?rest_route=%2Fwp%2Fv2%2Fmedia&parent=1208373"}],"wp:term":[{"taxonomy":"category","embeddable":true,"href":"https:\/\/madeiraisland.news\/index.php?rest_route=%2Fwp%2Fv2%2Fcategories&post=1208373"},{"taxonomy":"post_tag","embeddable":true,"href":"https:\/\/madeiraisland.news\/index.php?rest_route=%2Fwp%2Fv2%2Ftags&post=1208373"}],"curies":[{"name":"wp","href":"https:\/\/api.w.org\/{rel}","templated":true}]}}