{"id":1208368,"date":"2026-09-01T17:25:06","date_gmt":"2026-09-01T17:25:06","guid":{"rendered":"https:\/\/madeiraisland.news\/?p=1208368"},"modified":"2026-09-01T17:29:58","modified_gmt":"2026-09-01T17:29:58","slug":"candidatos-da-segunda-fase-sao-os-mais-prejudicados-com-atrasos-nos-exames","status":"publish","type":"post","link":"https:\/\/madeiraisland.news\/?p=1208368","title":{"rendered":"Candidatos da segunda fase s\u00e3o os mais prejudicados com atrasos nos exames"},"content":{"rendered":"<p>O ministro da Educa\u00e7\u00e3o, Ci\u00eancia e Inova\u00e7\u00e3o reconheceu hoje que os candidatos da segunda fase ao ensino superior s\u00e3o os mais prejudicados com os atrasos nas corre\u00e7\u00f5es dos exames, confiando que as institui\u00e7\u00f5es tenham &#8220;mecanismos&#8221; para a sua integra\u00e7\u00e3o.<br \/>\n&#8220;Nas altera\u00e7\u00f5es de calend\u00e1rio que n\u00f3s fizemos, eu diria que este \u00e9, de facto, o efeito mais negativo para um conjunto de alunos que, apesar de tudo, s\u00e3o cerca de 10% dos alunos que entram no ensino superior em Portugal, mas obviamente s\u00e3o importante<\/p>\n","protected":false},"excerpt":{"rendered":"<p>O ministro da Educa\u00e7\u00e3o, Ci\u00eancia e Inova\u00e7\u00e3o reconheceu hoje que os candidatos da segunda fase ao ensino superior s\u00e3o os mais prejudicados com os atrasos nas corre\u00e7\u00f5es dos exames, confiando que as institui\u00e7\u00f5es tenham &#8220;mecanismos&#8221;<\/p>\n","protected":false},"author":320,"featured_media":0,"comment_status":"open","ping_status":"","sticky":false,"template":"","format":"standard","meta":{"footnotes":""},"categories":[19],"tags":[],"class_list":["post-1208368","post","type-post","status-publish","format-standard","hentry","category-madeira-island-news","infinite-scroll-item","masonry-post","generate-columns","tablet-grid-50","mobile-grid-100","grid-parent","grid-33"],"_links":{"self":[{"href":"https:\/\/madeiraisland.news\/index.php?rest_route=\/wp\/v2\/posts\/1208368","targetHints":{"allow":["GET"]}}],"collection":[{"href":"https:\/\/madeiraisland.news\/index.php?rest_route=\/wp\/v2\/posts"}],"about":[{"href":"https:\/\/madeiraisland.news\/index.php?rest_route=\/wp\/v2\/types\/post"}],"author":[{"embeddable":true,"href":"https:\/\/madeiraisland.news\/index.php?rest_route=\/wp\/v2\/users\/320"}],"replies":[{"embeddable":true,"href":"https:\/\/madeiraisland.news\/index.php?rest_route=%2Fwp%2Fv2%2Fcomments&post=1208368"}],"version-history":[{"count":2,"href":"https:\/\/madeiraisland.news\/index.php?rest_route=\/wp\/v2\/posts\/1208368\/revisions"}],"predecessor-version":[{"id":1208370,"href":"https:\/\/madeiraisland.news\/index.php?rest_route=\/wp\/v2\/posts\/1208368\/revisions\/1208370"}],"wp:attachment":[{"href":"https:\/\/madeiraisland.news\/index.php?rest_route=%2Fwp%2Fv2%2Fmedia&parent=1208368"}],"wp:term":[{"taxonomy":"category","embeddable":true,"href":"https:\/\/madeiraisland.news\/index.php?rest_route=%2Fwp%2Fv2%2Fcategories&post=1208368"},{"taxonomy":"post_tag","embeddable":true,"href":"https:\/\/madeiraisland.news\/index.php?rest_route=%2Fwp%2Fv2%2Ftags&post=1208368"}],"curies":[{"name":"wp","href":"https:\/\/api.w.org\/{rel}","templated":true}]}}