{"id":1208366,"date":"2026-09-01T17:26:49","date_gmt":"2026-09-01T17:26:49","guid":{"rendered":"https:\/\/madeiraisland.news\/?p=1208366"},"modified":"2026-09-01T17:29:57","modified_gmt":"2026-09-01T17:29:57","slug":"helicoptero-merlin-resgatou-tripulante-de-veleiro-em-operacao-coordenada-pela-marinha","status":"publish","type":"post","link":"https:\/\/madeiraisland.news\/?p=1208366","title":{"rendered":"Helic\u00f3ptero Merlin resgatou tripulante de veleiro em opera\u00e7\u00e3o coordenada pela Marinha"},"content":{"rendered":"<p>A Marinha Portuguesa, atrav\u00e9s do Subcentro de Coordena\u00e7\u00e3o de Busca e Salvamento Mar\u00edtimo do Funchal (MRSC Funchal), coordenou hoje, dia 1 de Setembro, o resgate m\u00e9dico de um homem de 65 anos, de nacionalidade su\u00ed\u00e7a, que se encontrava a bordo do veleiro \u201cMetanoia 2\u201d, de bandeira su\u00ed\u00e7a. O mesmo navegava a cerca de 159 milhas [\u2026]<\/p>\n","protected":false},"excerpt":{"rendered":"<p>A Marinha Portuguesa, atrav\u00e9s do Subcentro de Coordena\u00e7\u00e3o de Busca e Salvamento Mar\u00edtimo do Funchal (MRSC Funchal), coordenou hoje, dia &#8230; <\/p>\n<p class=\"read-more-container\"><a title=\"Helic\u00f3ptero Merlin resgatou tripulante de veleiro em opera\u00e7\u00e3o coordenada pela Marinha\" class=\"read-more button\" href=\"https:\/\/madeiraisland.news\/?p=1208366#more-1208366\" aria-label=\"Read more about Helic\u00f3ptero Merlin resgatou tripulante de veleiro em opera\u00e7\u00e3o coordenada pela Marinha\">Read more<\/a><\/p>\n","protected":false},"author":258,"featured_media":0,"comment_status":"open","ping_status":"","sticky":false,"template":"","format":"standard","meta":{"footnotes":""},"categories":[19],"tags":[],"class_list":["post-1208366","post","type-post","status-publish","format-standard","hentry","category-madeira-island-news","infinite-scroll-item","masonry-post","generate-columns","tablet-grid-50","mobile-grid-100","grid-parent","grid-33"],"_links":{"self":[{"href":"https:\/\/madeiraisland.news\/index.php?rest_route=\/wp\/v2\/posts\/1208366","targetHints":{"allow":["GET"]}}],"collection":[{"href":"https:\/\/madeiraisland.news\/index.php?rest_route=\/wp\/v2\/posts"}],"about":[{"href":"https:\/\/madeiraisland.news\/index.php?rest_route=\/wp\/v2\/types\/post"}],"author":[{"embeddable":true,"href":"https:\/\/madeiraisland.news\/index.php?rest_route=\/wp\/v2\/users\/258"}],"replies":[{"embeddable":true,"href":"https:\/\/madeiraisland.news\/index.php?rest_route=%2Fwp%2Fv2%2Fcomments&post=1208366"}],"version-history":[{"count":1,"href":"https:\/\/madeiraisland.news\/index.php?rest_route=\/wp\/v2\/posts\/1208366\/revisions"}],"predecessor-version":[{"id":1208367,"href":"https:\/\/madeiraisland.news\/index.php?rest_route=\/wp\/v2\/posts\/1208366\/revisions\/1208367"}],"wp:attachment":[{"href":"https:\/\/madeiraisland.news\/index.php?rest_route=%2Fwp%2Fv2%2Fmedia&parent=1208366"}],"wp:term":[{"taxonomy":"category","embeddable":true,"href":"https:\/\/madeiraisland.news\/index.php?rest_route=%2Fwp%2Fv2%2Fcategories&post=1208366"},{"taxonomy":"post_tag","embeddable":true,"href":"https:\/\/madeiraisland.news\/index.php?rest_route=%2Fwp%2Fv2%2Ftags&post=1208366"}],"curies":[{"name":"wp","href":"https:\/\/api.w.org\/{rel}","templated":true}]}}