{"id":1208364,"date":"2026-09-01T17:17:02","date_gmt":"2026-09-01T17:17:02","guid":{"rendered":"https:\/\/madeiraisland.news\/?p=1208364"},"modified":"2026-09-01T17:20:27","modified_gmt":"2026-09-01T17:20:27","slug":"marinha-coordena-resgate-a-noroeste-da-ilha-da-madeira","status":"publish","type":"post","link":"https:\/\/madeiraisland.news\/?p=1208364","title":{"rendered":"Marinha coordena resgate a noroeste da Ilha da Madeira"},"content":{"rendered":"<p>A Marinha Portuguesa, atrav\u00e9s do Subcentro de Coordena\u00e7\u00e3o de Busca e Salvamento Mar\u00edtimo do Funchal (MRSC Funchal), coordenou, esta ter\u00e7a-feira, o resgate m\u00e9dico de um homem de 65 anos, de nacionalidade su\u00ed\u00e7a, que estava a bordo do veleiro \u201cMetanoia 2\u201d, de bandeira su\u00ed\u00e7a, que navegava a cerca de 159 milhas n\u00e1uticas, aproximadamente 294 quil\u00f3metros, a noroeste da Ilha da Madeira.<br \/>\nDe acordo com note de imprensa,\u00a0\u200bo alerta foi recebido pelo MRSC Funchal,  a informar que um tripulante necessitava de<\/p>\n","protected":false},"excerpt":{"rendered":"<p>A Marinha Portuguesa, atrav\u00e9s do Subcentro de Coordena\u00e7\u00e3o de Busca e Salvamento Mar\u00edtimo do Funchal (MRSC Funchal), coordenou, esta ter\u00e7a-feira, &#8230; <\/p>\n<p class=\"read-more-container\"><a title=\"Marinha coordena resgate a noroeste da Ilha da Madeira\" class=\"read-more button\" href=\"https:\/\/madeiraisland.news\/?p=1208364#more-1208364\" aria-label=\"Read more about Marinha coordena resgate a noroeste da Ilha da Madeira\">Read more<\/a><\/p>\n","protected":false},"author":283,"featured_media":0,"comment_status":"open","ping_status":"","sticky":false,"template":"","format":"standard","meta":{"footnotes":""},"categories":[19],"tags":[],"class_list":["post-1208364","post","type-post","status-publish","format-standard","hentry","category-madeira-island-news","infinite-scroll-item","masonry-post","generate-columns","tablet-grid-50","mobile-grid-100","grid-parent","grid-33"],"_links":{"self":[{"href":"https:\/\/madeiraisland.news\/index.php?rest_route=\/wp\/v2\/posts\/1208364","targetHints":{"allow":["GET"]}}],"collection":[{"href":"https:\/\/madeiraisland.news\/index.php?rest_route=\/wp\/v2\/posts"}],"about":[{"href":"https:\/\/madeiraisland.news\/index.php?rest_route=\/wp\/v2\/types\/post"}],"author":[{"embeddable":true,"href":"https:\/\/madeiraisland.news\/index.php?rest_route=\/wp\/v2\/users\/283"}],"replies":[{"embeddable":true,"href":"https:\/\/madeiraisland.news\/index.php?rest_route=%2Fwp%2Fv2%2Fcomments&post=1208364"}],"version-history":[{"count":1,"href":"https:\/\/madeiraisland.news\/index.php?rest_route=\/wp\/v2\/posts\/1208364\/revisions"}],"predecessor-version":[{"id":1208365,"href":"https:\/\/madeiraisland.news\/index.php?rest_route=\/wp\/v2\/posts\/1208364\/revisions\/1208365"}],"wp:attachment":[{"href":"https:\/\/madeiraisland.news\/index.php?rest_route=%2Fwp%2Fv2%2Fmedia&parent=1208364"}],"wp:term":[{"taxonomy":"category","embeddable":true,"href":"https:\/\/madeiraisland.news\/index.php?rest_route=%2Fwp%2Fv2%2Fcategories&post=1208364"},{"taxonomy":"post_tag","embeddable":true,"href":"https:\/\/madeiraisland.news\/index.php?rest_route=%2Fwp%2Fv2%2Ftags&post=1208364"}],"curies":[{"name":"wp","href":"https:\/\/api.w.org\/{rel}","templated":true}]}}