{"id":1208362,"date":"2026-09-01T16:47:24","date_gmt":"2026-09-01T16:47:24","guid":{"rendered":"https:\/\/madeiraisland.news\/?p=1208362"},"modified":"2026-09-01T16:59:50","modified_gmt":"2026-09-01T16:59:50","slug":"centro-de-saude-de-santana-32-milhoes-para-criar-medidas-de-eficiencia-energetica","status":"publish","type":"post","link":"https:\/\/madeiraisland.news\/?p=1208362","title":{"rendered":"Centro de Sa\u00fade de Santana: 3,2 milh\u00f5es para criar medidas de efici\u00eancia energ\u00e9tica"},"content":{"rendered":"<p>O secret\u00e1rio Regional de Equipamentos e Infraestruturas, Pedro Rodrigues, visitou nesta ter\u00e7a-feira o Centro de Sa\u00fade de Santana, uma infraestrutura onde j\u00e1 decorrem os trabalhos de reabilita\u00e7\u00e3o e de implementa\u00e7\u00e3o de medidas de efici\u00eancia energ\u00e9tica. A obra em execu\u00e7\u00e3o nesta infraestrutura de sa\u00fade do norte da ilha da Madeira, representa um investimento do Governo Regional [\u2026]<\/p>\n","protected":false},"excerpt":{"rendered":"<p>O secret\u00e1rio Regional de Equipamentos e Infraestruturas, Pedro Rodrigues, visitou nesta ter\u00e7a-feira o Centro de Sa\u00fade de Santana, uma infraestrutura &#8230; <\/p>\n<p class=\"read-more-container\"><a title=\"Centro de Sa\u00fade de Santana: 3,2 milh\u00f5es para criar medidas de efici\u00eancia energ\u00e9tica\" class=\"read-more button\" href=\"https:\/\/madeiraisland.news\/?p=1208362#more-1208362\" aria-label=\"Read more about Centro de Sa\u00fade de Santana: 3,2 milh\u00f5es para criar medidas de efici\u00eancia energ\u00e9tica\">Read more<\/a><\/p>\n","protected":false},"author":258,"featured_media":0,"comment_status":"open","ping_status":"","sticky":false,"template":"","format":"standard","meta":{"footnotes":""},"categories":[19],"tags":[],"class_list":["post-1208362","post","type-post","status-publish","format-standard","hentry","category-madeira-island-news","infinite-scroll-item","masonry-post","generate-columns","tablet-grid-50","mobile-grid-100","grid-parent","grid-33"],"_links":{"self":[{"href":"https:\/\/madeiraisland.news\/index.php?rest_route=\/wp\/v2\/posts\/1208362","targetHints":{"allow":["GET"]}}],"collection":[{"href":"https:\/\/madeiraisland.news\/index.php?rest_route=\/wp\/v2\/posts"}],"about":[{"href":"https:\/\/madeiraisland.news\/index.php?rest_route=\/wp\/v2\/types\/post"}],"author":[{"embeddable":true,"href":"https:\/\/madeiraisland.news\/index.php?rest_route=\/wp\/v2\/users\/258"}],"replies":[{"embeddable":true,"href":"https:\/\/madeiraisland.news\/index.php?rest_route=%2Fwp%2Fv2%2Fcomments&post=1208362"}],"version-history":[{"count":1,"href":"https:\/\/madeiraisland.news\/index.php?rest_route=\/wp\/v2\/posts\/1208362\/revisions"}],"predecessor-version":[{"id":1208363,"href":"https:\/\/madeiraisland.news\/index.php?rest_route=\/wp\/v2\/posts\/1208362\/revisions\/1208363"}],"wp:attachment":[{"href":"https:\/\/madeiraisland.news\/index.php?rest_route=%2Fwp%2Fv2%2Fmedia&parent=1208362"}],"wp:term":[{"taxonomy":"category","embeddable":true,"href":"https:\/\/madeiraisland.news\/index.php?rest_route=%2Fwp%2Fv2%2Fcategories&post=1208362"},{"taxonomy":"post_tag","embeddable":true,"href":"https:\/\/madeiraisland.news\/index.php?rest_route=%2Fwp%2Fv2%2Ftags&post=1208362"}],"curies":[{"name":"wp","href":"https:\/\/api.w.org\/{rel}","templated":true}]}}