{"id":1208358,"date":"2026-09-01T16:35:01","date_gmt":"2026-09-01T16:35:01","guid":{"rendered":"https:\/\/madeiraisland.news\/?p=1208358"},"modified":"2026-09-01T16:47:01","modified_gmt":"2026-09-01T16:47:01","slug":"cdu-denuncia-problema-continuado-lavandaria-industrial-junto-ao-complexo-habitacional-do-vale-paraiso-na-camacha","status":"publish","type":"post","link":"https:\/\/madeiraisland.news\/?p=1208358","title":{"rendered":"CDU denuncia problema continuado: lavandaria industrial junto ao Complexo Habitacional do Vale Para\u00edso, na Camacha"},"content":{"rendered":"<p>A CDU levou a cabo, na tarde de hoje, uma iniciativa pol\u00edtica no Vale Para\u00edso, na freguesia da Camacha, sobre um problema ambiental e de sa\u00fade p\u00fablica junto ao Complexo Habitacional, ou seja, o funcionamento de uma lavandaria industrial no local. Uma oportunidade para o coordenador regional, Edgar Silva, denunciar \u201cgrave desrespeito das popula\u00e7\u00f5es por [\u2026]<\/p>\n","protected":false},"excerpt":{"rendered":"<p>A CDU levou a cabo, na tarde de hoje, uma iniciativa pol\u00edtica no Vale Para\u00edso, na freguesia da Camacha, sobre &#8230; <\/p>\n<p class=\"read-more-container\"><a title=\"CDU denuncia problema continuado: lavandaria industrial junto ao Complexo Habitacional do Vale Para\u00edso, na Camacha\" class=\"read-more button\" href=\"https:\/\/madeiraisland.news\/?p=1208358#more-1208358\" aria-label=\"Read more about CDU denuncia problema continuado: lavandaria industrial junto ao Complexo Habitacional do Vale Para\u00edso, na Camacha\">Read more<\/a><\/p>\n","protected":false},"author":258,"featured_media":0,"comment_status":"open","ping_status":"","sticky":false,"template":"","format":"standard","meta":{"footnotes":""},"categories":[19],"tags":[],"class_list":["post-1208358","post","type-post","status-publish","format-standard","hentry","category-madeira-island-news","infinite-scroll-item","masonry-post","generate-columns","tablet-grid-50","mobile-grid-100","grid-parent","grid-33"],"_links":{"self":[{"href":"https:\/\/madeiraisland.news\/index.php?rest_route=\/wp\/v2\/posts\/1208358","targetHints":{"allow":["GET"]}}],"collection":[{"href":"https:\/\/madeiraisland.news\/index.php?rest_route=\/wp\/v2\/posts"}],"about":[{"href":"https:\/\/madeiraisland.news\/index.php?rest_route=\/wp\/v2\/types\/post"}],"author":[{"embeddable":true,"href":"https:\/\/madeiraisland.news\/index.php?rest_route=\/wp\/v2\/users\/258"}],"replies":[{"embeddable":true,"href":"https:\/\/madeiraisland.news\/index.php?rest_route=%2Fwp%2Fv2%2Fcomments&post=1208358"}],"version-history":[{"count":1,"href":"https:\/\/madeiraisland.news\/index.php?rest_route=\/wp\/v2\/posts\/1208358\/revisions"}],"predecessor-version":[{"id":1208359,"href":"https:\/\/madeiraisland.news\/index.php?rest_route=\/wp\/v2\/posts\/1208358\/revisions\/1208359"}],"wp:attachment":[{"href":"https:\/\/madeiraisland.news\/index.php?rest_route=%2Fwp%2Fv2%2Fmedia&parent=1208358"}],"wp:term":[{"taxonomy":"category","embeddable":true,"href":"https:\/\/madeiraisland.news\/index.php?rest_route=%2Fwp%2Fv2%2Fcategories&post=1208358"},{"taxonomy":"post_tag","embeddable":true,"href":"https:\/\/madeiraisland.news\/index.php?rest_route=%2Fwp%2Fv2%2Ftags&post=1208358"}],"curies":[{"name":"wp","href":"https:\/\/api.w.org\/{rel}","templated":true}]}}