{"id":1208356,"date":"2026-09-01T16:39:31","date_gmt":"2026-09-01T16:39:31","guid":{"rendered":"https:\/\/madeiraisland.news\/?p=1208356"},"modified":"2026-09-01T16:47:01","modified_gmt":"2026-09-01T16:47:01","slug":"candidaturas-abertas-a-6-a-edicao-do-premio-jornalismo-de-excelencia-vicente-jorge-silva","status":"publish","type":"post","link":"https:\/\/madeiraisland.news\/?p=1208356","title":{"rendered":"Candidaturas abertas \u00e0 6.\u00aa edi\u00e7\u00e3o do Pr\u00e9mio Jornalismo de Excel\u00eancia Vicente Jorge Silva"},"content":{"rendered":"<p>At\u00e9 30 de Setembro, est\u00e3o abertas as candidaturas \u00e0 6.\u00aa edi\u00e7\u00e3o do Pr\u00e9mio Jornalismo de Excel\u00eancia Vicente Jorge Silva, que visa distinguir trabalhos de diferentes estilos jornal\u00edsticos da imprensa escrita, contribuindo para uma sociedade mais informada. Institu\u00eddo pela Imprensa Nacional-Casa da Moeda (INCM), o Pr\u00e9mio atribui anualmente uma bolsa para a investiga\u00e7\u00e3o jornal\u00edstica no valor [\u2026]<\/p>\n","protected":false},"excerpt":{"rendered":"<p>At\u00e9 30 de Setembro, est\u00e3o abertas as candidaturas \u00e0 6.\u00aa edi\u00e7\u00e3o do Pr\u00e9mio Jornalismo de Excel\u00eancia Vicente Jorge Silva, que &#8230; <\/p>\n<p class=\"read-more-container\"><a title=\"Candidaturas abertas \u00e0 6.\u00aa edi\u00e7\u00e3o do Pr\u00e9mio Jornalismo de Excel\u00eancia Vicente Jorge Silva\" class=\"read-more button\" href=\"https:\/\/madeiraisland.news\/?p=1208356#more-1208356\" aria-label=\"Read more about Candidaturas abertas \u00e0 6.\u00aa edi\u00e7\u00e3o do Pr\u00e9mio Jornalismo de Excel\u00eancia Vicente Jorge Silva\">Read more<\/a><\/p>\n","protected":false},"author":258,"featured_media":0,"comment_status":"open","ping_status":"","sticky":false,"template":"","format":"standard","meta":{"footnotes":""},"categories":[19],"tags":[],"class_list":["post-1208356","post","type-post","status-publish","format-standard","hentry","category-madeira-island-news","infinite-scroll-item","masonry-post","generate-columns","tablet-grid-50","mobile-grid-100","grid-parent","grid-33"],"_links":{"self":[{"href":"https:\/\/madeiraisland.news\/index.php?rest_route=\/wp\/v2\/posts\/1208356","targetHints":{"allow":["GET"]}}],"collection":[{"href":"https:\/\/madeiraisland.news\/index.php?rest_route=\/wp\/v2\/posts"}],"about":[{"href":"https:\/\/madeiraisland.news\/index.php?rest_route=\/wp\/v2\/types\/post"}],"author":[{"embeddable":true,"href":"https:\/\/madeiraisland.news\/index.php?rest_route=\/wp\/v2\/users\/258"}],"replies":[{"embeddable":true,"href":"https:\/\/madeiraisland.news\/index.php?rest_route=%2Fwp%2Fv2%2Fcomments&post=1208356"}],"version-history":[{"count":1,"href":"https:\/\/madeiraisland.news\/index.php?rest_route=\/wp\/v2\/posts\/1208356\/revisions"}],"predecessor-version":[{"id":1208357,"href":"https:\/\/madeiraisland.news\/index.php?rest_route=\/wp\/v2\/posts\/1208356\/revisions\/1208357"}],"wp:attachment":[{"href":"https:\/\/madeiraisland.news\/index.php?rest_route=%2Fwp%2Fv2%2Fmedia&parent=1208356"}],"wp:term":[{"taxonomy":"category","embeddable":true,"href":"https:\/\/madeiraisland.news\/index.php?rest_route=%2Fwp%2Fv2%2Fcategories&post=1208356"},{"taxonomy":"post_tag","embeddable":true,"href":"https:\/\/madeiraisland.news\/index.php?rest_route=%2Fwp%2Fv2%2Ftags&post=1208356"}],"curies":[{"name":"wp","href":"https:\/\/api.w.org\/{rel}","templated":true}]}}