{"id":1208352,"date":"2026-09-01T16:25:28","date_gmt":"2026-09-01T16:25:28","guid":{"rendered":"https:\/\/madeiraisland.news\/?p=1208352"},"modified":"2026-09-01T16:30:18","modified_gmt":"2026-09-01T16:30:18","slug":"cmf-desvenda-a-natureza-de-alteracoes-a-circulacao-com-criacao-de-corredores-bus","status":"publish","type":"post","link":"https:\/\/madeiraisland.news\/?p=1208352","title":{"rendered":"CMF desvenda a natureza de altera\u00e7\u00f5es \u00e0 circula\u00e7\u00e3o, com cria\u00e7\u00e3o de corredores BUS"},"content":{"rendered":"<p>A C\u00e2mara Municipal do Funchal veio tornar p\u00fablica a natureza das j\u00e1 pol\u00e9micas altera\u00e7\u00f5es \u00e0 circula\u00e7\u00e3o rodovi\u00e1ria no Funchal, nomeadamente atrav\u00e9s da cria\u00e7\u00e3o de corredores BUS. Segundo a autarquia, a partir de, amanh\u00e3, 02 de Setembro de 2026 (quarta), entram em vigor as seguintes altera\u00e7\u00f5es \u00e0 circula\u00e7\u00e3o rodovi\u00e1ria: Corredores Bus Corredor BUS na Rua 5 [\u2026]<\/p>\n","protected":false},"excerpt":{"rendered":"<p>A C\u00e2mara Municipal do Funchal veio tornar p\u00fablica a natureza das j\u00e1 pol\u00e9micas altera\u00e7\u00f5es \u00e0 circula\u00e7\u00e3o rodovi\u00e1ria no Funchal, nomeadamente &#8230; <\/p>\n<p class=\"read-more-container\"><a title=\"CMF desvenda a natureza de altera\u00e7\u00f5es \u00e0 circula\u00e7\u00e3o, com cria\u00e7\u00e3o de corredores BUS\" class=\"read-more button\" href=\"https:\/\/madeiraisland.news\/?p=1208352#more-1208352\" aria-label=\"Read more about CMF desvenda a natureza de altera\u00e7\u00f5es \u00e0 circula\u00e7\u00e3o, com cria\u00e7\u00e3o de corredores BUS\">Read more<\/a><\/p>\n","protected":false},"author":258,"featured_media":0,"comment_status":"open","ping_status":"","sticky":false,"template":"","format":"standard","meta":{"footnotes":""},"categories":[19],"tags":[],"class_list":["post-1208352","post","type-post","status-publish","format-standard","hentry","category-madeira-island-news","infinite-scroll-item","masonry-post","generate-columns","tablet-grid-50","mobile-grid-100","grid-parent","grid-33"],"_links":{"self":[{"href":"https:\/\/madeiraisland.news\/index.php?rest_route=\/wp\/v2\/posts\/1208352","targetHints":{"allow":["GET"]}}],"collection":[{"href":"https:\/\/madeiraisland.news\/index.php?rest_route=\/wp\/v2\/posts"}],"about":[{"href":"https:\/\/madeiraisland.news\/index.php?rest_route=\/wp\/v2\/types\/post"}],"author":[{"embeddable":true,"href":"https:\/\/madeiraisland.news\/index.php?rest_route=\/wp\/v2\/users\/258"}],"replies":[{"embeddable":true,"href":"https:\/\/madeiraisland.news\/index.php?rest_route=%2Fwp%2Fv2%2Fcomments&post=1208352"}],"version-history":[{"count":1,"href":"https:\/\/madeiraisland.news\/index.php?rest_route=\/wp\/v2\/posts\/1208352\/revisions"}],"predecessor-version":[{"id":1208353,"href":"https:\/\/madeiraisland.news\/index.php?rest_route=\/wp\/v2\/posts\/1208352\/revisions\/1208353"}],"wp:attachment":[{"href":"https:\/\/madeiraisland.news\/index.php?rest_route=%2Fwp%2Fv2%2Fmedia&parent=1208352"}],"wp:term":[{"taxonomy":"category","embeddable":true,"href":"https:\/\/madeiraisland.news\/index.php?rest_route=%2Fwp%2Fv2%2Fcategories&post=1208352"},{"taxonomy":"post_tag","embeddable":true,"href":"https:\/\/madeiraisland.news\/index.php?rest_route=%2Fwp%2Fv2%2Ftags&post=1208352"}],"curies":[{"name":"wp","href":"https:\/\/api.w.org\/{rel}","templated":true}]}}