{"id":1208350,"date":"2026-09-01T15:31:10","date_gmt":"2026-09-01T15:31:10","guid":{"rendered":"https:\/\/madeiraisland.news\/?p=1208350"},"modified":"2026-09-01T15:48:18","modified_gmt":"2026-09-01T15:48:18","slug":"chega-madeira-tambem-nao-poupa-nas-criticas-a-luis-neves","status":"publish","type":"post","link":"https:\/\/madeiraisland.news\/?p=1208350","title":{"rendered":"CHEGA-Madeira tamb\u00e9m n\u00e3o poupa nas cr\u00edticas a Lu\u00eds Neves"},"content":{"rendered":"<p>O CHEGA-Madeira tamb\u00e9m n\u00e3o poupa nas cr\u00edticas ao ministro da Administra\u00e7\u00e3o Interna. Em comunicado, manifesta o seu mais veemente rep\u00fadio pela \u201cpostura vergonhosa\u201d do Ministro durante a sess\u00e3o solene comemorativa do 148.\u00ba anivers\u00e1rio do Comando Regional da Pol\u00edcia de Seguran\u00e7a P\u00fablica (PSP) da Madeira, realizada esta ter\u00e7a-feira no Museu de Imprensa da Madeira, em C\u00e2mara [\u2026]<\/p>\n","protected":false},"excerpt":{"rendered":"<p>O CHEGA-Madeira tamb\u00e9m n\u00e3o poupa nas cr\u00edticas ao ministro da Administra\u00e7\u00e3o Interna. Em comunicado, manifesta o seu mais veemente rep\u00fadio &#8230; <\/p>\n<p class=\"read-more-container\"><a title=\"CHEGA-Madeira tamb\u00e9m n\u00e3o poupa nas cr\u00edticas a Lu\u00eds Neves\" class=\"read-more button\" href=\"https:\/\/madeiraisland.news\/?p=1208350#more-1208350\" aria-label=\"Read more about CHEGA-Madeira tamb\u00e9m n\u00e3o poupa nas cr\u00edticas a Lu\u00eds Neves\">Read more<\/a><\/p>\n","protected":false},"author":258,"featured_media":0,"comment_status":"open","ping_status":"","sticky":false,"template":"","format":"standard","meta":{"footnotes":""},"categories":[19],"tags":[],"class_list":["post-1208350","post","type-post","status-publish","format-standard","hentry","category-madeira-island-news","infinite-scroll-item","masonry-post","generate-columns","tablet-grid-50","mobile-grid-100","grid-parent","grid-33"],"_links":{"self":[{"href":"https:\/\/madeiraisland.news\/index.php?rest_route=\/wp\/v2\/posts\/1208350","targetHints":{"allow":["GET"]}}],"collection":[{"href":"https:\/\/madeiraisland.news\/index.php?rest_route=\/wp\/v2\/posts"}],"about":[{"href":"https:\/\/madeiraisland.news\/index.php?rest_route=\/wp\/v2\/types\/post"}],"author":[{"embeddable":true,"href":"https:\/\/madeiraisland.news\/index.php?rest_route=\/wp\/v2\/users\/258"}],"replies":[{"embeddable":true,"href":"https:\/\/madeiraisland.news\/index.php?rest_route=%2Fwp%2Fv2%2Fcomments&post=1208350"}],"version-history":[{"count":1,"href":"https:\/\/madeiraisland.news\/index.php?rest_route=\/wp\/v2\/posts\/1208350\/revisions"}],"predecessor-version":[{"id":1208351,"href":"https:\/\/madeiraisland.news\/index.php?rest_route=\/wp\/v2\/posts\/1208350\/revisions\/1208351"}],"wp:attachment":[{"href":"https:\/\/madeiraisland.news\/index.php?rest_route=%2Fwp%2Fv2%2Fmedia&parent=1208350"}],"wp:term":[{"taxonomy":"category","embeddable":true,"href":"https:\/\/madeiraisland.news\/index.php?rest_route=%2Fwp%2Fv2%2Fcategories&post=1208350"},{"taxonomy":"post_tag","embeddable":true,"href":"https:\/\/madeiraisland.news\/index.php?rest_route=%2Fwp%2Fv2%2Ftags&post=1208350"}],"curies":[{"name":"wp","href":"https:\/\/api.w.org\/{rel}","templated":true}]}}