{"id":1208348,"date":"2026-09-01T15:37:39","date_gmt":"2026-09-01T15:37:39","guid":{"rendered":"https:\/\/madeiraisland.news\/?p=1208348"},"modified":"2026-09-01T15:48:18","modified_gmt":"2026-09-01T15:48:18","slug":"ccif-com-duas-exposicoes-em-setembro-pecas-de-modelismo-e-martistico","status":"publish","type":"post","link":"https:\/\/madeiraisland.news\/?p=1208348","title":{"rendered":"CCIF com duas exposi\u00e7\u00f5es em Setembro: pe\u00e7as de modelismo e \u201cMart\u00edstico\u201d"},"content":{"rendered":"<p>O Centro Cultural e de Investiga\u00e7\u00e3o do Funchal acolhe, a partir de 5 de setembro, a exposi\u00e7\u00e3o\u201d Do Mar \u00e0 Serra\u201d, promovida pelo grupo Entusiastas de Modelismo da Madeira. Patente na Galeria B, a mostra re\u00fane cerca de uma centena de pe\u00e7as criadas por v\u00e1rios modelistas madeirenses, assinalando um momento in\u00e9dito: \u00e9 a primeira vez [\u2026]<\/p>\n","protected":false},"excerpt":{"rendered":"<p>O Centro Cultural e de Investiga\u00e7\u00e3o do Funchal acolhe, a partir de 5 de setembro, a exposi\u00e7\u00e3o\u201d Do Mar \u00e0 &#8230; <\/p>\n<p class=\"read-more-container\"><a title=\"CCIF com duas exposi\u00e7\u00f5es em Setembro: pe\u00e7as de modelismo e \u201cMart\u00edstico\u201d\" class=\"read-more button\" href=\"https:\/\/madeiraisland.news\/?p=1208348#more-1208348\" aria-label=\"Read more about CCIF com duas exposi\u00e7\u00f5es em Setembro: pe\u00e7as de modelismo e \u201cMart\u00edstico\u201d\">Read more<\/a><\/p>\n","protected":false},"author":258,"featured_media":0,"comment_status":"open","ping_status":"","sticky":false,"template":"","format":"standard","meta":{"footnotes":""},"categories":[19],"tags":[],"class_list":["post-1208348","post","type-post","status-publish","format-standard","hentry","category-madeira-island-news","infinite-scroll-item","masonry-post","generate-columns","tablet-grid-50","mobile-grid-100","grid-parent","grid-33"],"_links":{"self":[{"href":"https:\/\/madeiraisland.news\/index.php?rest_route=\/wp\/v2\/posts\/1208348","targetHints":{"allow":["GET"]}}],"collection":[{"href":"https:\/\/madeiraisland.news\/index.php?rest_route=\/wp\/v2\/posts"}],"about":[{"href":"https:\/\/madeiraisland.news\/index.php?rest_route=\/wp\/v2\/types\/post"}],"author":[{"embeddable":true,"href":"https:\/\/madeiraisland.news\/index.php?rest_route=\/wp\/v2\/users\/258"}],"replies":[{"embeddable":true,"href":"https:\/\/madeiraisland.news\/index.php?rest_route=%2Fwp%2Fv2%2Fcomments&post=1208348"}],"version-history":[{"count":1,"href":"https:\/\/madeiraisland.news\/index.php?rest_route=\/wp\/v2\/posts\/1208348\/revisions"}],"predecessor-version":[{"id":1208349,"href":"https:\/\/madeiraisland.news\/index.php?rest_route=\/wp\/v2\/posts\/1208348\/revisions\/1208349"}],"wp:attachment":[{"href":"https:\/\/madeiraisland.news\/index.php?rest_route=%2Fwp%2Fv2%2Fmedia&parent=1208348"}],"wp:term":[{"taxonomy":"category","embeddable":true,"href":"https:\/\/madeiraisland.news\/index.php?rest_route=%2Fwp%2Fv2%2Fcategories&post=1208348"},{"taxonomy":"post_tag","embeddable":true,"href":"https:\/\/madeiraisland.news\/index.php?rest_route=%2Fwp%2Fv2%2Ftags&post=1208348"}],"curies":[{"name":"wp","href":"https:\/\/api.w.org\/{rel}","templated":true}]}}