{"id":1208346,"date":"2026-09-01T15:44:11","date_gmt":"2026-09-01T15:44:11","guid":{"rendered":"https:\/\/madeiraisland.news\/?p=1208346"},"modified":"2026-09-01T15:48:18","modified_gmt":"2026-09-01T15:48:18","slug":"psp-divulga-alocucao-integral-do-comandante-regional-superintendente-ricardo-matos","status":"publish","type":"post","link":"https:\/\/madeiraisland.news\/?p=1208346","title":{"rendered":"PSP divulga alocu\u00e7\u00e3o integral do comandante regional, superintendente Ricardo Matos"},"content":{"rendered":"<p>O Comando Regional da Madeira da Pol\u00edcia de Seguran\u00e7a P\u00fablica divulgou a alocu\u00e7\u00e3o do comandante regional, superintendente Ricardo Abreu Matos, proferida no \u00e2mbito da cerim\u00f3nia do 148\u00ba Anivers\u00e1rio do Comando Regional da Madeira da PSP, que hoje se realizou. Por reputarmos de interesse p\u00fablico, publicamo-la na \u00edntegra: \u00a0 \u201cCaros Oficiais, Chefes, Agentes e T\u00e9cnicos de [\u2026]<\/p>\n","protected":false},"excerpt":{"rendered":"<p>O Comando Regional da Madeira da Pol\u00edcia de Seguran\u00e7a P\u00fablica divulgou a alocu\u00e7\u00e3o do comandante regional, superintendente Ricardo Abreu Matos, &#8230; <\/p>\n<p class=\"read-more-container\"><a title=\"PSP divulga alocu\u00e7\u00e3o integral do comandante regional, superintendente Ricardo Matos\" class=\"read-more button\" href=\"https:\/\/madeiraisland.news\/?p=1208346#more-1208346\" aria-label=\"Read more about PSP divulga alocu\u00e7\u00e3o integral do comandante regional, superintendente Ricardo Matos\">Read more<\/a><\/p>\n","protected":false},"author":258,"featured_media":0,"comment_status":"open","ping_status":"","sticky":false,"template":"","format":"standard","meta":{"footnotes":""},"categories":[19],"tags":[],"class_list":["post-1208346","post","type-post","status-publish","format-standard","hentry","category-madeira-island-news","infinite-scroll-item","masonry-post","generate-columns","tablet-grid-50","mobile-grid-100","grid-parent","grid-33"],"_links":{"self":[{"href":"https:\/\/madeiraisland.news\/index.php?rest_route=\/wp\/v2\/posts\/1208346","targetHints":{"allow":["GET"]}}],"collection":[{"href":"https:\/\/madeiraisland.news\/index.php?rest_route=\/wp\/v2\/posts"}],"about":[{"href":"https:\/\/madeiraisland.news\/index.php?rest_route=\/wp\/v2\/types\/post"}],"author":[{"embeddable":true,"href":"https:\/\/madeiraisland.news\/index.php?rest_route=\/wp\/v2\/users\/258"}],"replies":[{"embeddable":true,"href":"https:\/\/madeiraisland.news\/index.php?rest_route=%2Fwp%2Fv2%2Fcomments&post=1208346"}],"version-history":[{"count":1,"href":"https:\/\/madeiraisland.news\/index.php?rest_route=\/wp\/v2\/posts\/1208346\/revisions"}],"predecessor-version":[{"id":1208347,"href":"https:\/\/madeiraisland.news\/index.php?rest_route=\/wp\/v2\/posts\/1208346\/revisions\/1208347"}],"wp:attachment":[{"href":"https:\/\/madeiraisland.news\/index.php?rest_route=%2Fwp%2Fv2%2Fmedia&parent=1208346"}],"wp:term":[{"taxonomy":"category","embeddable":true,"href":"https:\/\/madeiraisland.news\/index.php?rest_route=%2Fwp%2Fv2%2Fcategories&post=1208346"},{"taxonomy":"post_tag","embeddable":true,"href":"https:\/\/madeiraisland.news\/index.php?rest_route=%2Fwp%2Fv2%2Ftags&post=1208346"}],"curies":[{"name":"wp","href":"https:\/\/api.w.org\/{rel}","templated":true}]}}