{"id":1208344,"date":"2026-09-01T15:40:41","date_gmt":"2026-09-01T15:40:41","guid":{"rendered":"https:\/\/madeiraisland.news\/?p=1208344"},"modified":"2026-09-01T15:48:18","modified_gmt":"2026-09-01T15:48:18","slug":"levadias-obrigam-a-icar-bandeira-vermelha-na-praia-formosa","status":"publish","type":"post","link":"https:\/\/madeiraisland.news\/?p=1208344","title":{"rendered":"Levadias obrigam a i\u00e7ar bandeira vermelha na Praia Formosa"},"content":{"rendered":"<p>Uma levadia surpreendeu, esta tarde, os banhistas que se encontravam no Complexo Balnear da Barreirinha. Uma onda galgou o pont\u00e3o e invadiu a zona onde permaneciam v\u00e1rias pessoas, obrigando-as a procurar rapidamente um ponto mais elevado e fora do alcance da \u00e1gua.<br \/>\nO epis\u00f3dio ilustra a imprevisibilidade das levadias que, nos \u00faltimos dias, t\u00eam obrigado a refor\u00e7ar as medidas de seguran\u00e7a nas zonas balneares do Funchal. Esta ter\u00e7a-feira, a bandeira vermelha foi i\u00e7ada na Praia Formosa. J\u00e1 na tarde de<\/p>\n","protected":false},"excerpt":{"rendered":"<p>Uma levadia surpreendeu, esta tarde, os banhistas que se encontravam no Complexo Balnear da Barreirinha. Uma onda galgou o pont\u00e3o &#8230; <\/p>\n<p class=\"read-more-container\"><a title=\"Levadias obrigam a i\u00e7ar bandeira vermelha na Praia Formosa\" class=\"read-more button\" href=\"https:\/\/madeiraisland.news\/?p=1208344#more-1208344\" aria-label=\"Read more about Levadias obrigam a i\u00e7ar bandeira vermelha na Praia Formosa\">Read more<\/a><\/p>\n","protected":false},"author":284,"featured_media":0,"comment_status":"open","ping_status":"","sticky":false,"template":"","format":"standard","meta":{"footnotes":""},"categories":[19],"tags":[],"class_list":["post-1208344","post","type-post","status-publish","format-standard","hentry","category-madeira-island-news","infinite-scroll-item","masonry-post","generate-columns","tablet-grid-50","mobile-grid-100","grid-parent","grid-33"],"_links":{"self":[{"href":"https:\/\/madeiraisland.news\/index.php?rest_route=\/wp\/v2\/posts\/1208344","targetHints":{"allow":["GET"]}}],"collection":[{"href":"https:\/\/madeiraisland.news\/index.php?rest_route=\/wp\/v2\/posts"}],"about":[{"href":"https:\/\/madeiraisland.news\/index.php?rest_route=\/wp\/v2\/types\/post"}],"author":[{"embeddable":true,"href":"https:\/\/madeiraisland.news\/index.php?rest_route=\/wp\/v2\/users\/284"}],"replies":[{"embeddable":true,"href":"https:\/\/madeiraisland.news\/index.php?rest_route=%2Fwp%2Fv2%2Fcomments&post=1208344"}],"version-history":[{"count":1,"href":"https:\/\/madeiraisland.news\/index.php?rest_route=\/wp\/v2\/posts\/1208344\/revisions"}],"predecessor-version":[{"id":1208345,"href":"https:\/\/madeiraisland.news\/index.php?rest_route=\/wp\/v2\/posts\/1208344\/revisions\/1208345"}],"wp:attachment":[{"href":"https:\/\/madeiraisland.news\/index.php?rest_route=%2Fwp%2Fv2%2Fmedia&parent=1208344"}],"wp:term":[{"taxonomy":"category","embeddable":true,"href":"https:\/\/madeiraisland.news\/index.php?rest_route=%2Fwp%2Fv2%2Fcategories&post=1208344"},{"taxonomy":"post_tag","embeddable":true,"href":"https:\/\/madeiraisland.news\/index.php?rest_route=%2Fwp%2Fv2%2Ftags&post=1208344"}],"curies":[{"name":"wp","href":"https:\/\/api.w.org\/{rel}","templated":true}]}}