{"id":1208340,"date":"2026-09-01T15:26:26","date_gmt":"2026-09-01T15:26:26","guid":{"rendered":"https:\/\/madeiraisland.news\/?p=1208340"},"modified":"2026-09-01T15:30:31","modified_gmt":"2026-09-01T15:30:31","slug":"chega-diz-que-portugal-precisa-de-se-ver-livre-de-luis-neves","status":"publish","type":"post","link":"https:\/\/madeiraisland.news\/?p=1208340","title":{"rendered":"CHEGA diz que Portugal \u201cprecisa de se ver livre\u201d de Lu\u00eds Neves"},"content":{"rendered":"<p>O deputado do CHEGA, Francisco Gomes, \u201catirou-se\u201d hoje a Lu\u00eds Neves, a quem critica severamente, afirmando que a sua presen\u00e7a na Madeira, por ocasi\u00e3o do Dia do Comando Regional da PSP, ocorre num momento em que, na opini\u00e3o do parlamentar, se acumulam problemas graves na seguran\u00e7a p\u00fablica da Regi\u00e3o e no tratamento dado aos profissionais [\u2026]<\/p>\n","protected":false},"excerpt":{"rendered":"<p>O deputado do CHEGA, Francisco Gomes, \u201catirou-se\u201d hoje a Lu\u00eds Neves, a quem critica severamente, afirmando que a sua presen\u00e7a &#8230; <\/p>\n<p class=\"read-more-container\"><a title=\"CHEGA diz que Portugal \u201cprecisa de se ver livre\u201d de Lu\u00eds Neves\" class=\"read-more button\" href=\"https:\/\/madeiraisland.news\/?p=1208340#more-1208340\" aria-label=\"Read more about CHEGA diz que Portugal \u201cprecisa de se ver livre\u201d de Lu\u00eds Neves\">Read more<\/a><\/p>\n","protected":false},"author":258,"featured_media":0,"comment_status":"open","ping_status":"","sticky":false,"template":"","format":"standard","meta":{"footnotes":""},"categories":[19],"tags":[],"class_list":["post-1208340","post","type-post","status-publish","format-standard","hentry","category-madeira-island-news","infinite-scroll-item","masonry-post","generate-columns","tablet-grid-50","mobile-grid-100","grid-parent","grid-33"],"_links":{"self":[{"href":"https:\/\/madeiraisland.news\/index.php?rest_route=\/wp\/v2\/posts\/1208340","targetHints":{"allow":["GET"]}}],"collection":[{"href":"https:\/\/madeiraisland.news\/index.php?rest_route=\/wp\/v2\/posts"}],"about":[{"href":"https:\/\/madeiraisland.news\/index.php?rest_route=\/wp\/v2\/types\/post"}],"author":[{"embeddable":true,"href":"https:\/\/madeiraisland.news\/index.php?rest_route=\/wp\/v2\/users\/258"}],"replies":[{"embeddable":true,"href":"https:\/\/madeiraisland.news\/index.php?rest_route=%2Fwp%2Fv2%2Fcomments&post=1208340"}],"version-history":[{"count":1,"href":"https:\/\/madeiraisland.news\/index.php?rest_route=\/wp\/v2\/posts\/1208340\/revisions"}],"predecessor-version":[{"id":1208341,"href":"https:\/\/madeiraisland.news\/index.php?rest_route=\/wp\/v2\/posts\/1208340\/revisions\/1208341"}],"wp:attachment":[{"href":"https:\/\/madeiraisland.news\/index.php?rest_route=%2Fwp%2Fv2%2Fmedia&parent=1208340"}],"wp:term":[{"taxonomy":"category","embeddable":true,"href":"https:\/\/madeiraisland.news\/index.php?rest_route=%2Fwp%2Fv2%2Fcategories&post=1208340"},{"taxonomy":"post_tag","embeddable":true,"href":"https:\/\/madeiraisland.news\/index.php?rest_route=%2Fwp%2Fv2%2Ftags&post=1208340"}],"curies":[{"name":"wp","href":"https:\/\/api.w.org\/{rel}","templated":true}]}}