{"id":1208338,"date":"2026-09-01T15:07:35","date_gmt":"2026-09-01T15:07:35","guid":{"rendered":"https:\/\/madeiraisland.news\/?p=1208338"},"modified":"2026-09-01T15:16:04","modified_gmt":"2026-09-01T15:16:04","slug":"sector-empresarial-da-ram-com-aumento-do-investimento-segundo-o-gr","status":"publish","type":"post","link":"https:\/\/madeiraisland.news\/?p=1208338","title":{"rendered":"Sector empresarial da RAM com aumento do investimento, segundo o GR"},"content":{"rendered":"<p>O Relat\u00f3rio Trimestral do Sector Empresarial da Regi\u00e3o Aut\u00f3noma da Madeira (SERAM), relativo ao 2.\u00ba trimestre de 2026, j\u00e1 se encontra dispon\u00edvel para consulta no Portal da Secretaria Regional das Finan\u00e7as (www.madeira.gov.pt\/srfinancas\/). No Relat\u00f3rio Trimestral do SERAM s\u00e3o publicadas as contas trimestrais do Sector Empresarial da Regi\u00e3o Aut\u00f3noma da Madeira e a sua an\u00e1lise sum\u00e1ria [\u2026]<\/p>\n","protected":false},"excerpt":{"rendered":"<p>O Relat\u00f3rio Trimestral do Sector Empresarial da Regi\u00e3o Aut\u00f3noma da Madeira (SERAM), relativo ao 2.\u00ba trimestre de 2026, j\u00e1 se &#8230; <\/p>\n<p class=\"read-more-container\"><a title=\"Sector empresarial da RAM com aumento do investimento, segundo o GR\" class=\"read-more button\" href=\"https:\/\/madeiraisland.news\/?p=1208338#more-1208338\" aria-label=\"Read more about Sector empresarial da RAM com aumento do investimento, segundo o GR\">Read more<\/a><\/p>\n","protected":false},"author":258,"featured_media":0,"comment_status":"open","ping_status":"","sticky":false,"template":"","format":"standard","meta":{"footnotes":""},"categories":[19],"tags":[],"class_list":["post-1208338","post","type-post","status-publish","format-standard","hentry","category-madeira-island-news","infinite-scroll-item","masonry-post","generate-columns","tablet-grid-50","mobile-grid-100","grid-parent","grid-33"],"_links":{"self":[{"href":"https:\/\/madeiraisland.news\/index.php?rest_route=\/wp\/v2\/posts\/1208338","targetHints":{"allow":["GET"]}}],"collection":[{"href":"https:\/\/madeiraisland.news\/index.php?rest_route=\/wp\/v2\/posts"}],"about":[{"href":"https:\/\/madeiraisland.news\/index.php?rest_route=\/wp\/v2\/types\/post"}],"author":[{"embeddable":true,"href":"https:\/\/madeiraisland.news\/index.php?rest_route=\/wp\/v2\/users\/258"}],"replies":[{"embeddable":true,"href":"https:\/\/madeiraisland.news\/index.php?rest_route=%2Fwp%2Fv2%2Fcomments&post=1208338"}],"version-history":[{"count":1,"href":"https:\/\/madeiraisland.news\/index.php?rest_route=\/wp\/v2\/posts\/1208338\/revisions"}],"predecessor-version":[{"id":1208339,"href":"https:\/\/madeiraisland.news\/index.php?rest_route=\/wp\/v2\/posts\/1208338\/revisions\/1208339"}],"wp:attachment":[{"href":"https:\/\/madeiraisland.news\/index.php?rest_route=%2Fwp%2Fv2%2Fmedia&parent=1208338"}],"wp:term":[{"taxonomy":"category","embeddable":true,"href":"https:\/\/madeiraisland.news\/index.php?rest_route=%2Fwp%2Fv2%2Fcategories&post=1208338"},{"taxonomy":"post_tag","embeddable":true,"href":"https:\/\/madeiraisland.news\/index.php?rest_route=%2Fwp%2Fv2%2Ftags&post=1208338"}],"curies":[{"name":"wp","href":"https:\/\/api.w.org\/{rel}","templated":true}]}}