{"id":1208334,"date":"2026-09-01T15:13:49","date_gmt":"2026-09-01T15:13:49","guid":{"rendered":"https:\/\/madeiraisland.news\/?p=1208334"},"modified":"2026-09-01T15:16:04","modified_gmt":"2026-09-01T15:16:04","slug":"jpp-anuncia-duarte-vieira-como-seu-representante-junto-dos-madeirenses-em-jersey","status":"publish","type":"post","link":"https:\/\/madeiraisland.news\/?p=1208334","title":{"rendered":"JPP anuncia Duarte Vieira como seu representante junto dos madeirenses em Jersey"},"content":{"rendered":"<p>O enfermeiro especialista madeirense Duarte Vieira, radicado em Jersey, e um dos militantes que acompanhou a caminhada do partido desde a sua funda\u00e7\u00e3o, ser\u00e1 o representante do JPP junto da comunidade madeirense naquela ilha. A decis\u00e3o refor\u00e7a a presen\u00e7a do partido junto da di\u00e1spora e traduz uma nova etapa na liga\u00e7\u00e3o do JPP aos madeirenses [\u2026]<\/p>\n","protected":false},"excerpt":{"rendered":"<p>O enfermeiro especialista madeirense Duarte Vieira, radicado em Jersey, e um dos militantes que acompanhou a caminhada do partido desde &#8230; <\/p>\n<p class=\"read-more-container\"><a title=\"JPP anuncia Duarte Vieira como seu representante junto dos madeirenses em Jersey\" class=\"read-more button\" href=\"https:\/\/madeiraisland.news\/?p=1208334#more-1208334\" aria-label=\"Read more about JPP anuncia Duarte Vieira como seu representante junto dos madeirenses em Jersey\">Read more<\/a><\/p>\n","protected":false},"author":258,"featured_media":0,"comment_status":"open","ping_status":"","sticky":false,"template":"","format":"standard","meta":{"footnotes":""},"categories":[19],"tags":[],"class_list":["post-1208334","post","type-post","status-publish","format-standard","hentry","category-madeira-island-news","infinite-scroll-item","masonry-post","generate-columns","tablet-grid-50","mobile-grid-100","grid-parent","grid-33"],"_links":{"self":[{"href":"https:\/\/madeiraisland.news\/index.php?rest_route=\/wp\/v2\/posts\/1208334","targetHints":{"allow":["GET"]}}],"collection":[{"href":"https:\/\/madeiraisland.news\/index.php?rest_route=\/wp\/v2\/posts"}],"about":[{"href":"https:\/\/madeiraisland.news\/index.php?rest_route=\/wp\/v2\/types\/post"}],"author":[{"embeddable":true,"href":"https:\/\/madeiraisland.news\/index.php?rest_route=\/wp\/v2\/users\/258"}],"replies":[{"embeddable":true,"href":"https:\/\/madeiraisland.news\/index.php?rest_route=%2Fwp%2Fv2%2Fcomments&post=1208334"}],"version-history":[{"count":1,"href":"https:\/\/madeiraisland.news\/index.php?rest_route=\/wp\/v2\/posts\/1208334\/revisions"}],"predecessor-version":[{"id":1208335,"href":"https:\/\/madeiraisland.news\/index.php?rest_route=\/wp\/v2\/posts\/1208334\/revisions\/1208335"}],"wp:attachment":[{"href":"https:\/\/madeiraisland.news\/index.php?rest_route=%2Fwp%2Fv2%2Fmedia&parent=1208334"}],"wp:term":[{"taxonomy":"category","embeddable":true,"href":"https:\/\/madeiraisland.news\/index.php?rest_route=%2Fwp%2Fv2%2Fcategories&post=1208334"},{"taxonomy":"post_tag","embeddable":true,"href":"https:\/\/madeiraisland.news\/index.php?rest_route=%2Fwp%2Fv2%2Ftags&post=1208334"}],"curies":[{"name":"wp","href":"https:\/\/api.w.org\/{rel}","templated":true}]}}