{"id":1208332,"date":"2026-09-01T14:41:09","date_gmt":"2026-09-01T14:41:09","guid":{"rendered":"https:\/\/madeiraisland.news\/?p=1208332"},"modified":"2026-09-01T14:45:52","modified_gmt":"2026-09-01T14:45:52","slug":"albuquerque-agradece-desempenho-da-psp-e-promete-continuar-a-apoiar-a-policia","status":"publish","type":"post","link":"https:\/\/madeiraisland.news\/?p=1208332","title":{"rendered":"Albuquerque agradece desempenho da PSP e promete continuar a apoiar a Pol\u00edcia"},"content":{"rendered":"<p>O Comando Regional da PSP da Madeira celebra 148 anos de exist\u00eancia e a sua sess\u00e3o comemorativa realizou-se no Museu de Imprensa da Madeira, em C\u00e2mara de Lobos. Ocasi\u00e3o para a PSP, atrav\u00e9s do comandante na Madeira, Ricardo Matos, dar conta de preocupa\u00e7\u00f5es na \u00e1rea da viol\u00eancia dom\u00e9stica ou da sinistralidade nas estradas. Na ocasi\u00e3o [\u2026]<\/p>\n","protected":false},"excerpt":{"rendered":"<p>O Comando Regional da PSP da Madeira celebra 148 anos de exist\u00eancia e a sua sess\u00e3o comemorativa realizou-se no Museu &#8230; <\/p>\n<p class=\"read-more-container\"><a title=\"Albuquerque agradece desempenho da PSP e promete continuar a apoiar a Pol\u00edcia\" class=\"read-more button\" href=\"https:\/\/madeiraisland.news\/?p=1208332#more-1208332\" aria-label=\"Read more about Albuquerque agradece desempenho da PSP e promete continuar a apoiar a Pol\u00edcia\">Read more<\/a><\/p>\n","protected":false},"author":258,"featured_media":0,"comment_status":"open","ping_status":"","sticky":false,"template":"","format":"standard","meta":{"footnotes":""},"categories":[19],"tags":[],"class_list":["post-1208332","post","type-post","status-publish","format-standard","hentry","category-madeira-island-news","infinite-scroll-item","masonry-post","generate-columns","tablet-grid-50","mobile-grid-100","grid-parent","grid-33"],"_links":{"self":[{"href":"https:\/\/madeiraisland.news\/index.php?rest_route=\/wp\/v2\/posts\/1208332","targetHints":{"allow":["GET"]}}],"collection":[{"href":"https:\/\/madeiraisland.news\/index.php?rest_route=\/wp\/v2\/posts"}],"about":[{"href":"https:\/\/madeiraisland.news\/index.php?rest_route=\/wp\/v2\/types\/post"}],"author":[{"embeddable":true,"href":"https:\/\/madeiraisland.news\/index.php?rest_route=\/wp\/v2\/users\/258"}],"replies":[{"embeddable":true,"href":"https:\/\/madeiraisland.news\/index.php?rest_route=%2Fwp%2Fv2%2Fcomments&post=1208332"}],"version-history":[{"count":1,"href":"https:\/\/madeiraisland.news\/index.php?rest_route=\/wp\/v2\/posts\/1208332\/revisions"}],"predecessor-version":[{"id":1208333,"href":"https:\/\/madeiraisland.news\/index.php?rest_route=\/wp\/v2\/posts\/1208332\/revisions\/1208333"}],"wp:attachment":[{"href":"https:\/\/madeiraisland.news\/index.php?rest_route=%2Fwp%2Fv2%2Fmedia&parent=1208332"}],"wp:term":[{"taxonomy":"category","embeddable":true,"href":"https:\/\/madeiraisland.news\/index.php?rest_route=%2Fwp%2Fv2%2Fcategories&post=1208332"},{"taxonomy":"post_tag","embeddable":true,"href":"https:\/\/madeiraisland.news\/index.php?rest_route=%2Fwp%2Fv2%2Ftags&post=1208332"}],"curies":[{"name":"wp","href":"https:\/\/api.w.org\/{rel}","templated":true}]}}