{"id":1208330,"date":"2026-09-01T14:45:43","date_gmt":"2026-09-01T14:45:43","guid":{"rendered":"https:\/\/madeiraisland.news\/?p=1208330"},"modified":"2026-09-01T14:45:52","modified_gmt":"2026-09-01T14:45:52","slug":"psd-machico-enaltece-a-tradicao-dos-fachos-em-machico-e-quer-defender-a-tradicao","status":"publish","type":"post","link":"https:\/\/madeiraisland.news\/?p=1208330","title":{"rendered":"PSD\/Machico enaltece a tradi\u00e7\u00e3o dos fachos em Machico e quer defender a tradi\u00e7\u00e3o"},"content":{"rendered":"<p>Os vereadores, deputados municipais e de freguesia, assim como militantes do PSD\/Machico, estiveram junto dos locais de prepara\u00e7\u00e3o e exposi\u00e7\u00e3o dos tradicionais Fachos, em Machico, num momento de conv\u00edvio e de proximidade com a popula\u00e7\u00e3o, e, sobretudo, de reconhecimento pelo trabalho volunt\u00e1rio que permite manter viva uma das tradi\u00e7\u00f5es mais antigas e identit\u00e1rias do concelho, [\u2026]<\/p>\n","protected":false},"excerpt":{"rendered":"<p>Os vereadores, deputados municipais e de freguesia, assim como militantes do PSD\/Machico, estiveram junto dos locais de prepara\u00e7\u00e3o e exposi\u00e7\u00e3o &#8230; <\/p>\n<p class=\"read-more-container\"><a title=\"PSD\/Machico enaltece a tradi\u00e7\u00e3o dos fachos em Machico e quer defender a tradi\u00e7\u00e3o\" class=\"read-more button\" href=\"https:\/\/madeiraisland.news\/?p=1208330#more-1208330\" aria-label=\"Read more about PSD\/Machico enaltece a tradi\u00e7\u00e3o dos fachos em Machico e quer defender a tradi\u00e7\u00e3o\">Read more<\/a><\/p>\n","protected":false},"author":258,"featured_media":0,"comment_status":"open","ping_status":"","sticky":false,"template":"","format":"standard","meta":{"footnotes":""},"categories":[19],"tags":[],"class_list":["post-1208330","post","type-post","status-publish","format-standard","hentry","category-madeira-island-news","infinite-scroll-item","masonry-post","generate-columns","tablet-grid-50","mobile-grid-100","grid-parent","grid-33"],"_links":{"self":[{"href":"https:\/\/madeiraisland.news\/index.php?rest_route=\/wp\/v2\/posts\/1208330","targetHints":{"allow":["GET"]}}],"collection":[{"href":"https:\/\/madeiraisland.news\/index.php?rest_route=\/wp\/v2\/posts"}],"about":[{"href":"https:\/\/madeiraisland.news\/index.php?rest_route=\/wp\/v2\/types\/post"}],"author":[{"embeddable":true,"href":"https:\/\/madeiraisland.news\/index.php?rest_route=\/wp\/v2\/users\/258"}],"replies":[{"embeddable":true,"href":"https:\/\/madeiraisland.news\/index.php?rest_route=%2Fwp%2Fv2%2Fcomments&post=1208330"}],"version-history":[{"count":1,"href":"https:\/\/madeiraisland.news\/index.php?rest_route=\/wp\/v2\/posts\/1208330\/revisions"}],"predecessor-version":[{"id":1208331,"href":"https:\/\/madeiraisland.news\/index.php?rest_route=\/wp\/v2\/posts\/1208330\/revisions\/1208331"}],"wp:attachment":[{"href":"https:\/\/madeiraisland.news\/index.php?rest_route=%2Fwp%2Fv2%2Fmedia&parent=1208330"}],"wp:term":[{"taxonomy":"category","embeddable":true,"href":"https:\/\/madeiraisland.news\/index.php?rest_route=%2Fwp%2Fv2%2Fcategories&post=1208330"},{"taxonomy":"post_tag","embeddable":true,"href":"https:\/\/madeiraisland.news\/index.php?rest_route=%2Fwp%2Fv2%2Ftags&post=1208330"}],"curies":[{"name":"wp","href":"https:\/\/api.w.org\/{rel}","templated":true}]}}