{"id":1208324,"date":"2026-09-01T14:16:32","date_gmt":"2026-09-01T14:16:32","guid":{"rendered":"https:\/\/madeiraisland.news\/?p=1208324"},"modified":"2026-09-01T14:20:41","modified_gmt":"2026-09-01T14:20:41","slug":"porque-faltam-trabalhadores-na-restauracao-hotelaria-e-nao-so","status":"publish","type":"post","link":"https:\/\/madeiraisland.news\/?p=1208324","title":{"rendered":"Porque faltam trabalhadores na restaura\u00e7\u00e3o, hotelaria e n\u00e3o s\u00f3"},"content":{"rendered":"<p>Rui Marote O Funchal Not\u00edcias j\u00e1 tinha abordado esta tem\u00e1tica de v\u00e1rios estabelecimentos a exibirem cartazes a pedir funcion\u00e1rios. Este \u00e9 o reflexo mais vis\u00edvel do tradicional recrutamento de proximidade, comum no com\u00e9rcio local, restaura\u00e7\u00e3o e hotelaria. O m\u00e9todo, embora simples, continua a ser eficaz para empresas que procuram trabalhadores que residam perto do local [\u2026]<\/p>\n","protected":false},"excerpt":{"rendered":"<p>Rui Marote O Funchal Not\u00edcias j\u00e1 tinha abordado esta tem\u00e1tica de v\u00e1rios estabelecimentos a exibirem cartazes a pedir funcion\u00e1rios. Este &#8230; <\/p>\n<p class=\"read-more-container\"><a title=\"Porque faltam trabalhadores na restaura\u00e7\u00e3o, hotelaria e n\u00e3o s\u00f3\" class=\"read-more button\" href=\"https:\/\/madeiraisland.news\/?p=1208324#more-1208324\" aria-label=\"Read more about Porque faltam trabalhadores na restaura\u00e7\u00e3o, hotelaria e n\u00e3o s\u00f3\">Read more<\/a><\/p>\n","protected":false},"author":260,"featured_media":0,"comment_status":"open","ping_status":"","sticky":false,"template":"","format":"standard","meta":{"footnotes":""},"categories":[19],"tags":[],"class_list":["post-1208324","post","type-post","status-publish","format-standard","hentry","category-madeira-island-news","infinite-scroll-item","masonry-post","generate-columns","tablet-grid-50","mobile-grid-100","grid-parent","grid-33"],"_links":{"self":[{"href":"https:\/\/madeiraisland.news\/index.php?rest_route=\/wp\/v2\/posts\/1208324","targetHints":{"allow":["GET"]}}],"collection":[{"href":"https:\/\/madeiraisland.news\/index.php?rest_route=\/wp\/v2\/posts"}],"about":[{"href":"https:\/\/madeiraisland.news\/index.php?rest_route=\/wp\/v2\/types\/post"}],"author":[{"embeddable":true,"href":"https:\/\/madeiraisland.news\/index.php?rest_route=\/wp\/v2\/users\/260"}],"replies":[{"embeddable":true,"href":"https:\/\/madeiraisland.news\/index.php?rest_route=%2Fwp%2Fv2%2Fcomments&post=1208324"}],"version-history":[{"count":1,"href":"https:\/\/madeiraisland.news\/index.php?rest_route=\/wp\/v2\/posts\/1208324\/revisions"}],"predecessor-version":[{"id":1208325,"href":"https:\/\/madeiraisland.news\/index.php?rest_route=\/wp\/v2\/posts\/1208324\/revisions\/1208325"}],"wp:attachment":[{"href":"https:\/\/madeiraisland.news\/index.php?rest_route=%2Fwp%2Fv2%2Fmedia&parent=1208324"}],"wp:term":[{"taxonomy":"category","embeddable":true,"href":"https:\/\/madeiraisland.news\/index.php?rest_route=%2Fwp%2Fv2%2Fcategories&post=1208324"},{"taxonomy":"post_tag","embeddable":true,"href":"https:\/\/madeiraisland.news\/index.php?rest_route=%2Fwp%2Fv2%2Ftags&post=1208324"}],"curies":[{"name":"wp","href":"https:\/\/api.w.org\/{rel}","templated":true}]}}