{"id":1208321,"date":"2026-09-01T13:51:53","date_gmt":"2026-09-01T13:51:53","guid":{"rendered":"https:\/\/madeiraisland.news\/?p=1208321"},"modified":"2026-09-01T14:00:18","modified_gmt":"2026-09-01T14:00:18","slug":"portugal-gastou-mais-de-10-da-despesa-publica-em-educacao","status":"publish","type":"post","link":"https:\/\/madeiraisland.news\/?p=1208321","title":{"rendered":"Portugal gastou mais de 10% da despesa p\u00fablica em Educa\u00e7\u00e3o"},"content":{"rendered":"<p>Portugal dedicou 10,3% da sua despesa p\u00fablica \u00e0 educa\u00e7\u00e3o em 2024, uma percentagem superior \u00e0 m\u00e9dia da Uni\u00e3o Europeia, que se situou nos 9,7%, indicam os dados mais recentes da Comiss\u00e3o Europeia sobre o investimento no setor.<br \/>\nEm causa est\u00e1 um relat\u00f3rio da Comiss\u00e3o Europeia sobre o investimento na educa\u00e7\u00e3o, hoje divulgado, que analisa a evolu\u00e7\u00e3o da despesa no setor nos Estados-membros e apresenta os dados mais recentes dispon\u00edveis, relativos a 2024, no qual se l\u00ea que, nesse ano, o investimento p\u00fab<\/p>\n","protected":false},"excerpt":{"rendered":"<p>Portugal dedicou 10,3% da sua despesa p\u00fablica \u00e0 educa\u00e7\u00e3o em 2024, uma percentagem superior \u00e0 m\u00e9dia da Uni\u00e3o Europeia, que se situou nos 9,7%, indicam os dados mais recentes da Comiss\u00e3o Europeia sobre o investimento<\/p>\n","protected":false},"author":52,"featured_media":0,"comment_status":"open","ping_status":"","sticky":false,"template":"","format":"standard","meta":{"footnotes":""},"categories":[19],"tags":[],"class_list":["post-1208321","post","type-post","status-publish","format-standard","hentry","category-madeira-island-news","infinite-scroll-item","masonry-post","generate-columns","tablet-grid-50","mobile-grid-100","grid-parent","grid-33"],"_links":{"self":[{"href":"https:\/\/madeiraisland.news\/index.php?rest_route=\/wp\/v2\/posts\/1208321","targetHints":{"allow":["GET"]}}],"collection":[{"href":"https:\/\/madeiraisland.news\/index.php?rest_route=\/wp\/v2\/posts"}],"about":[{"href":"https:\/\/madeiraisland.news\/index.php?rest_route=\/wp\/v2\/types\/post"}],"author":[{"embeddable":true,"href":"https:\/\/madeiraisland.news\/index.php?rest_route=\/wp\/v2\/users\/52"}],"replies":[{"embeddable":true,"href":"https:\/\/madeiraisland.news\/index.php?rest_route=%2Fwp%2Fv2%2Fcomments&post=1208321"}],"version-history":[{"count":2,"href":"https:\/\/madeiraisland.news\/index.php?rest_route=\/wp\/v2\/posts\/1208321\/revisions"}],"predecessor-version":[{"id":1208323,"href":"https:\/\/madeiraisland.news\/index.php?rest_route=\/wp\/v2\/posts\/1208321\/revisions\/1208323"}],"wp:attachment":[{"href":"https:\/\/madeiraisland.news\/index.php?rest_route=%2Fwp%2Fv2%2Fmedia&parent=1208321"}],"wp:term":[{"taxonomy":"category","embeddable":true,"href":"https:\/\/madeiraisland.news\/index.php?rest_route=%2Fwp%2Fv2%2Fcategories&post=1208321"},{"taxonomy":"post_tag","embeddable":true,"href":"https:\/\/madeiraisland.news\/index.php?rest_route=%2Fwp%2Fv2%2Ftags&post=1208321"}],"curies":[{"name":"wp","href":"https:\/\/api.w.org\/{rel}","templated":true}]}}