{"id":1208311,"date":"2026-09-01T12:05:16","date_gmt":"2026-09-01T12:05:16","guid":{"rendered":"https:\/\/madeiraisland.news\/?p=1208311"},"modified":"2026-09-01T12:21:34","modified_gmt":"2026-09-01T12:21:34","slug":"mais-de-11-mil-vagas-disponiveis-para-a-segunda-fase-de-acesso-ao-ensino-superior","status":"publish","type":"post","link":"https:\/\/madeiraisland.news\/?p=1208311","title":{"rendered":"Mais de 11 mil vagas dispon\u00edveis para a segunda fase de acesso ao ensino superior"},"content":{"rendered":"<p>Um total de 11.113 vagas no ensino superior p\u00fablico est\u00e3o dispon\u00edveis na segunda fase do concurso nacional de acesso, que est\u00e1 aberto at\u00e9 20 de setembro, foi hoje anunciado.<br \/>\nDas 56.228 vagas iniciais na primeira fase, foram colocados 49.991 alunos mas, destes, 4.512 n\u00e3o se inscreveram, pelo que, ap\u00f3s reclama\u00e7\u00f5es, acabaram por resultar nos mais de 11.112 lugares ainda dispon\u00edveis, segundo dados divulgados hoje pelo Instituto para o Ensino Superior (IES).<br \/>\nOs cursos que t\u00eam mais vagas por ocupar s<\/p>\n","protected":false},"excerpt":{"rendered":"<p>Um total de 11.113 vagas no ensino superior p\u00fablico est\u00e3o dispon\u00edveis na segunda fase do concurso nacional de acesso, que est\u00e1 aberto at\u00e9 20 de setembro, foi hoje anunciado. Das 56.228 vagas iniciais na primeira<\/p>\n","protected":false},"author":5,"featured_media":0,"comment_status":"open","ping_status":"","sticky":false,"template":"","format":"standard","meta":{"footnotes":""},"categories":[19],"tags":[],"class_list":["post-1208311","post","type-post","status-publish","format-standard","hentry","category-madeira-island-news","infinite-scroll-item","masonry-post","generate-columns","tablet-grid-50","mobile-grid-100","grid-parent","grid-33"],"_links":{"self":[{"href":"https:\/\/madeiraisland.news\/index.php?rest_route=\/wp\/v2\/posts\/1208311","targetHints":{"allow":["GET"]}}],"collection":[{"href":"https:\/\/madeiraisland.news\/index.php?rest_route=\/wp\/v2\/posts"}],"about":[{"href":"https:\/\/madeiraisland.news\/index.php?rest_route=\/wp\/v2\/types\/post"}],"author":[{"embeddable":true,"href":"https:\/\/madeiraisland.news\/index.php?rest_route=\/wp\/v2\/users\/5"}],"replies":[{"embeddable":true,"href":"https:\/\/madeiraisland.news\/index.php?rest_route=%2Fwp%2Fv2%2Fcomments&post=1208311"}],"version-history":[{"count":2,"href":"https:\/\/madeiraisland.news\/index.php?rest_route=\/wp\/v2\/posts\/1208311\/revisions"}],"predecessor-version":[{"id":1208313,"href":"https:\/\/madeiraisland.news\/index.php?rest_route=\/wp\/v2\/posts\/1208311\/revisions\/1208313"}],"wp:attachment":[{"href":"https:\/\/madeiraisland.news\/index.php?rest_route=%2Fwp%2Fv2%2Fmedia&parent=1208311"}],"wp:term":[{"taxonomy":"category","embeddable":true,"href":"https:\/\/madeiraisland.news\/index.php?rest_route=%2Fwp%2Fv2%2Fcategories&post=1208311"},{"taxonomy":"post_tag","embeddable":true,"href":"https:\/\/madeiraisland.news\/index.php?rest_route=%2Fwp%2Fv2%2Ftags&post=1208311"}],"curies":[{"name":"wp","href":"https:\/\/api.w.org\/{rel}","templated":true}]}}