{"id":1208308,"date":"2026-09-01T12:08:52","date_gmt":"2026-09-01T12:08:52","guid":{"rendered":"https:\/\/madeiraisland.news\/?p=1208308"},"modified":"2026-09-01T12:21:34","modified_gmt":"2026-09-01T12:21:34","slug":"escolas-com-2-650-horarios-por-preencher-a-dias-do-inicio-do-ano-lectivo","status":"publish","type":"post","link":"https:\/\/madeiraisland.news\/?p=1208308","title":{"rendered":"Escolas com 2.650 hor\u00e1rios por preencher a dias do in\u00edcio do ano lectivo"},"content":{"rendered":"<p>A Federa\u00e7\u00e3o Nacional de Professores (Fenprof) denunciou hoje que persistem &#8220;2.650 hor\u00e1rios em oferta de escola que correspondem a mais de 50 mil horas&#8221; por preencher, a poucos dias do in\u00edcio do ano letivo.<br \/>\nEm confer\u00eancia de imprensa, em Lisboa, um dos secret\u00e1rios-gerais da Fenprof, Jos\u00e9 Feliciano Costa, explicou que os dados indicam que, &#8220;se o ano letivo come\u00e7asse agora, milhares de alunos n\u00e3o teriam hoje os seus professores&#8221;.<br \/>\nDos hor\u00e1rios que ainda faltam preencher, &#8220;2.152 s\u00e3o completos e anu<\/p>\n","protected":false},"excerpt":{"rendered":"<p>A Federa\u00e7\u00e3o Nacional de Professores (Fenprof) denunciou hoje que persistem &#8220;2.650 hor\u00e1rios em oferta de escola que correspondem a mais de 50 mil horas&#8221; por preencher, a poucos dias do in\u00edcio do ano letivo. Em<\/p>\n","protected":false},"author":5,"featured_media":0,"comment_status":"open","ping_status":"","sticky":false,"template":"","format":"standard","meta":{"footnotes":""},"categories":[19],"tags":[],"class_list":["post-1208308","post","type-post","status-publish","format-standard","hentry","category-madeira-island-news","infinite-scroll-item","masonry-post","generate-columns","tablet-grid-50","mobile-grid-100","grid-parent","grid-33"],"_links":{"self":[{"href":"https:\/\/madeiraisland.news\/index.php?rest_route=\/wp\/v2\/posts\/1208308","targetHints":{"allow":["GET"]}}],"collection":[{"href":"https:\/\/madeiraisland.news\/index.php?rest_route=\/wp\/v2\/posts"}],"about":[{"href":"https:\/\/madeiraisland.news\/index.php?rest_route=\/wp\/v2\/types\/post"}],"author":[{"embeddable":true,"href":"https:\/\/madeiraisland.news\/index.php?rest_route=\/wp\/v2\/users\/5"}],"replies":[{"embeddable":true,"href":"https:\/\/madeiraisland.news\/index.php?rest_route=%2Fwp%2Fv2%2Fcomments&post=1208308"}],"version-history":[{"count":2,"href":"https:\/\/madeiraisland.news\/index.php?rest_route=\/wp\/v2\/posts\/1208308\/revisions"}],"predecessor-version":[{"id":1208310,"href":"https:\/\/madeiraisland.news\/index.php?rest_route=\/wp\/v2\/posts\/1208308\/revisions\/1208310"}],"wp:attachment":[{"href":"https:\/\/madeiraisland.news\/index.php?rest_route=%2Fwp%2Fv2%2Fmedia&parent=1208308"}],"wp:term":[{"taxonomy":"category","embeddable":true,"href":"https:\/\/madeiraisland.news\/index.php?rest_route=%2Fwp%2Fv2%2Fcategories&post=1208308"},{"taxonomy":"post_tag","embeddable":true,"href":"https:\/\/madeiraisland.news\/index.php?rest_route=%2Fwp%2Fv2%2Ftags&post=1208308"}],"curies":[{"name":"wp","href":"https:\/\/api.w.org\/{rel}","templated":true}]}}