{"id":1208306,"date":"2026-09-01T10:49:23","date_gmt":"2026-09-01T10:49:23","guid":{"rendered":"https:\/\/madeiraisland.news\/?p=1208306"},"modified":"2026-09-01T11:01:29","modified_gmt":"2026-09-01T11:01:29","slug":"cinco-pessoas-salvas-em-duas-operacoes-coordenadas-a-partir-do-funchal","status":"publish","type":"post","link":"https:\/\/madeiraisland.news\/?p=1208306","title":{"rendered":"Cinco pessoas salvas em duas opera\u00e7\u00f5es coordenadas a partir do Funchal"},"content":{"rendered":"<p>O Subcentro de Coordena\u00e7\u00e3o de Busca e Salvamento Mar\u00edtimo do Funchal coordenou duas opera\u00e7\u00f5es, das quais resultou o salvamento de cinco pessoas, revelou a Marinha.<br \/>\nNo mesmo per\u00edodo, foram registados 28 incidentes na \u00e1rea de responsabilidade do Centro de Coordena\u00e7\u00e3o de Busca e Salvamento Mar\u00edtimo (MRCC) de Lisboa, com 46 pessoas salvas. J\u00e1 o MRCC de Ponta Delgada coordenou 13 ac\u00e7\u00f5es de busca e salvamento, que permitiram resgatar nove pessoas.<br \/>\nSegundo os dados divulgados, durante os primeiros oito<\/p>\n","protected":false},"excerpt":{"rendered":"<p>O Subcentro de Coordena\u00e7\u00e3o de Busca e Salvamento Mar\u00edtimo do Funchal coordenou duas opera\u00e7\u00f5es, das quais resultou o salvamento de &#8230; <\/p>\n<p class=\"read-more-container\"><a title=\"Cinco pessoas salvas em duas opera\u00e7\u00f5es coordenadas a partir do Funchal\" class=\"read-more button\" href=\"https:\/\/madeiraisland.news\/?p=1208306#more-1208306\" aria-label=\"Read more about Cinco pessoas salvas em duas opera\u00e7\u00f5es coordenadas a partir do Funchal\">Read more<\/a><\/p>\n","protected":false},"author":284,"featured_media":0,"comment_status":"open","ping_status":"","sticky":false,"template":"","format":"standard","meta":{"footnotes":""},"categories":[19],"tags":[],"class_list":["post-1208306","post","type-post","status-publish","format-standard","hentry","category-madeira-island-news","infinite-scroll-item","masonry-post","generate-columns","tablet-grid-50","mobile-grid-100","grid-parent","grid-33"],"_links":{"self":[{"href":"https:\/\/madeiraisland.news\/index.php?rest_route=\/wp\/v2\/posts\/1208306","targetHints":{"allow":["GET"]}}],"collection":[{"href":"https:\/\/madeiraisland.news\/index.php?rest_route=\/wp\/v2\/posts"}],"about":[{"href":"https:\/\/madeiraisland.news\/index.php?rest_route=\/wp\/v2\/types\/post"}],"author":[{"embeddable":true,"href":"https:\/\/madeiraisland.news\/index.php?rest_route=\/wp\/v2\/users\/284"}],"replies":[{"embeddable":true,"href":"https:\/\/madeiraisland.news\/index.php?rest_route=%2Fwp%2Fv2%2Fcomments&post=1208306"}],"version-history":[{"count":1,"href":"https:\/\/madeiraisland.news\/index.php?rest_route=\/wp\/v2\/posts\/1208306\/revisions"}],"predecessor-version":[{"id":1208307,"href":"https:\/\/madeiraisland.news\/index.php?rest_route=\/wp\/v2\/posts\/1208306\/revisions\/1208307"}],"wp:attachment":[{"href":"https:\/\/madeiraisland.news\/index.php?rest_route=%2Fwp%2Fv2%2Fmedia&parent=1208306"}],"wp:term":[{"taxonomy":"category","embeddable":true,"href":"https:\/\/madeiraisland.news\/index.php?rest_route=%2Fwp%2Fv2%2Fcategories&post=1208306"},{"taxonomy":"post_tag","embeddable":true,"href":"https:\/\/madeiraisland.news\/index.php?rest_route=%2Fwp%2Fv2%2Ftags&post=1208306"}],"curies":[{"name":"wp","href":"https:\/\/api.w.org\/{rel}","templated":true}]}}