{"id":1208304,"date":"2026-09-01T10:58:57","date_gmt":"2026-09-01T10:58:57","guid":{"rendered":"https:\/\/madeiraisland.news\/?p=1208304"},"modified":"2026-09-01T11:01:29","modified_gmt":"2026-09-01T11:01:29","slug":"inundacao-numa-garagem-na-rua-dos-arrependidos","status":"publish","type":"post","link":"https:\/\/madeiraisland.news\/?p=1208304","title":{"rendered":"Inunda\u00e7\u00e3o numa garagem na rua dos Arrependidos"},"content":{"rendered":"<p>Uma inunda\u00e7\u00e3o de dimens\u00e3o significativa numa garagem, provocada pelo rebentamento de uma tubagem, est\u00e1 a mobilizar h\u00e1 cerca de duas horas os Bombeiros Volunt\u00e1rios Madeirenses, na Rua dos Arrependidos, no Funchal.<br \/>\nA quantidade de \u00e1gua acumulada no interior do espa\u00e7o tem dificultado a opera\u00e7\u00e3o e obrigado a uma interven\u00e7\u00e3o prolongada. Os bombeiros continuam a proceder \u00e0 bombagem e remo\u00e7\u00e3o da \u00e1gua, procurando evitar o agravamento dos preju\u00edzos e poss\u00edveis danos noutras \u00e1reas da habita\u00e7\u00e3o.<br \/>\nNo local e<\/p>\n","protected":false},"excerpt":{"rendered":"<p>Uma inunda\u00e7\u00e3o de dimens\u00e3o significativa numa garagem, provocada pelo rebentamento de uma tubagem, est\u00e1 a mobilizar h\u00e1 cerca de duas &#8230; <\/p>\n<p class=\"read-more-container\"><a title=\"Inunda\u00e7\u00e3o numa garagem na rua dos Arrependidos\" class=\"read-more button\" href=\"https:\/\/madeiraisland.news\/?p=1208304#more-1208304\" aria-label=\"Read more about Inunda\u00e7\u00e3o numa garagem na rua dos Arrependidos\">Read more<\/a><\/p>\n","protected":false},"author":284,"featured_media":0,"comment_status":"open","ping_status":"","sticky":false,"template":"","format":"standard","meta":{"footnotes":""},"categories":[19],"tags":[],"class_list":["post-1208304","post","type-post","status-publish","format-standard","hentry","category-madeira-island-news","infinite-scroll-item","masonry-post","generate-columns","tablet-grid-50","mobile-grid-100","grid-parent","grid-33"],"_links":{"self":[{"href":"https:\/\/madeiraisland.news\/index.php?rest_route=\/wp\/v2\/posts\/1208304","targetHints":{"allow":["GET"]}}],"collection":[{"href":"https:\/\/madeiraisland.news\/index.php?rest_route=\/wp\/v2\/posts"}],"about":[{"href":"https:\/\/madeiraisland.news\/index.php?rest_route=\/wp\/v2\/types\/post"}],"author":[{"embeddable":true,"href":"https:\/\/madeiraisland.news\/index.php?rest_route=\/wp\/v2\/users\/284"}],"replies":[{"embeddable":true,"href":"https:\/\/madeiraisland.news\/index.php?rest_route=%2Fwp%2Fv2%2Fcomments&post=1208304"}],"version-history":[{"count":1,"href":"https:\/\/madeiraisland.news\/index.php?rest_route=\/wp\/v2\/posts\/1208304\/revisions"}],"predecessor-version":[{"id":1208305,"href":"https:\/\/madeiraisland.news\/index.php?rest_route=\/wp\/v2\/posts\/1208304\/revisions\/1208305"}],"wp:attachment":[{"href":"https:\/\/madeiraisland.news\/index.php?rest_route=%2Fwp%2Fv2%2Fmedia&parent=1208304"}],"wp:term":[{"taxonomy":"category","embeddable":true,"href":"https:\/\/madeiraisland.news\/index.php?rest_route=%2Fwp%2Fv2%2Fcategories&post=1208304"},{"taxonomy":"post_tag","embeddable":true,"href":"https:\/\/madeiraisland.news\/index.php?rest_route=%2Fwp%2Fv2%2Ftags&post=1208304"}],"curies":[{"name":"wp","href":"https:\/\/api.w.org\/{rel}","templated":true}]}}