{"id":1208302,"date":"2026-09-01T06:51:32","date_gmt":"2026-09-01T06:51:32","guid":{"rendered":"https:\/\/madeiraisland.news\/?p=1208302"},"modified":"2026-09-01T09:30:55","modified_gmt":"2026-09-01T09:30:55","slug":"psp-madeira-faz-hoje-148-anos-com-a-presenca-do-ministro-luis-neves-2","status":"publish","type":"post","link":"https:\/\/madeiraisland.news\/?p=1208302","title":{"rendered":"PSP Madeira faz hoje 148 anos com a presen\u00e7a do ministro Lu\u00eds Neves"},"content":{"rendered":"<p>O Ministro da Administra\u00e7\u00e3o Interna, Lu\u00eds Neves preside hoje \u00e0 comemora\u00e7\u00e3o do 148.\u00ba Anivers\u00e1rio do Comando Regional da PSP Madeira. Lu\u00eds Neves aproveitou esta oportunidade para, entre os dias 30 de agosto e 1 de setembro, visitar v\u00e1rias instala\u00e7\u00f5es da PSP e da GNR e outras infraestruturas operacionais, incluindo o Servi\u00e7o Regional de Prote\u00e7\u00e3o Civil [\u2026]<\/p>\n","protected":false},"excerpt":{"rendered":"<p>O Ministro da Administra\u00e7\u00e3o Interna, Lu\u00eds Neves preside hoje \u00e0 comemora\u00e7\u00e3o do 148.\u00ba Anivers\u00e1rio do Comando Regional da PSP Madeira. &#8230; <\/p>\n<p class=\"read-more-container\"><a title=\"PSP Madeira faz hoje 148 anos com a presen\u00e7a do ministro Lu\u00eds Neves\" class=\"read-more button\" href=\"https:\/\/madeiraisland.news\/?p=1208302#more-1208302\" aria-label=\"Read more about PSP Madeira faz hoje 148 anos com a presen\u00e7a do ministro Lu\u00eds Neves\">Read more<\/a><\/p>\n","protected":false},"author":259,"featured_media":0,"comment_status":"open","ping_status":"","sticky":false,"template":"","format":"standard","meta":{"footnotes":""},"categories":[19],"tags":[],"class_list":["post-1208302","post","type-post","status-publish","format-standard","hentry","category-madeira-island-news","infinite-scroll-item","masonry-post","generate-columns","tablet-grid-50","mobile-grid-100","grid-parent","grid-33"],"_links":{"self":[{"href":"https:\/\/madeiraisland.news\/index.php?rest_route=\/wp\/v2\/posts\/1208302","targetHints":{"allow":["GET"]}}],"collection":[{"href":"https:\/\/madeiraisland.news\/index.php?rest_route=\/wp\/v2\/posts"}],"about":[{"href":"https:\/\/madeiraisland.news\/index.php?rest_route=\/wp\/v2\/types\/post"}],"author":[{"embeddable":true,"href":"https:\/\/madeiraisland.news\/index.php?rest_route=\/wp\/v2\/users\/259"}],"replies":[{"embeddable":true,"href":"https:\/\/madeiraisland.news\/index.php?rest_route=%2Fwp%2Fv2%2Fcomments&post=1208302"}],"version-history":[{"count":1,"href":"https:\/\/madeiraisland.news\/index.php?rest_route=\/wp\/v2\/posts\/1208302\/revisions"}],"predecessor-version":[{"id":1208303,"href":"https:\/\/madeiraisland.news\/index.php?rest_route=\/wp\/v2\/posts\/1208302\/revisions\/1208303"}],"wp:attachment":[{"href":"https:\/\/madeiraisland.news\/index.php?rest_route=%2Fwp%2Fv2%2Fmedia&parent=1208302"}],"wp:term":[{"taxonomy":"category","embeddable":true,"href":"https:\/\/madeiraisland.news\/index.php?rest_route=%2Fwp%2Fv2%2Fcategories&post=1208302"},{"taxonomy":"post_tag","embeddable":true,"href":"https:\/\/madeiraisland.news\/index.php?rest_route=%2Fwp%2Fv2%2Ftags&post=1208302"}],"curies":[{"name":"wp","href":"https:\/\/api.w.org\/{rel}","templated":true}]}}