{"id":1208299,"date":"2026-09-01T08:51:18","date_gmt":"2026-09-01T08:51:18","guid":{"rendered":"https:\/\/madeiraisland.news\/?p=1208299"},"modified":"2026-09-01T09:05:55","modified_gmt":"2026-09-01T09:05:55","slug":"ministerio-publico-abre-inquerito-a-processo-de-classificacao-de-exames-nacionais","status":"publish","type":"post","link":"https:\/\/madeiraisland.news\/?p=1208299","title":{"rendered":"Minist\u00e9rio P\u00fablico abre inqu\u00e9rito a processo de classifica\u00e7\u00e3o de exames nacionais"},"content":{"rendered":"<p>O Minist\u00e9rio P\u00fablico abriu um inqu\u00e9rito na sequ\u00eancia de uma queixa apresentada pela Federa\u00e7\u00e3o Nacional dos Professores (Fenprof) relacionada com o processo de classifica\u00e7\u00e3o eletr\u00f3nica dos exames nacionais do ensino secund\u00e1rio.\u00a0<br \/>\nEm resposta enviada hoje \u00e0 Lusa, a Procuradoria-Geral da Rep\u00fablica (PGR) indicou que a queixa da Fenprof &#8220;deu origem a inqu\u00e9rito, o qual corre termos no Departamento de Investiga\u00e7\u00e3o e A\u00e7\u00e3o Penal Regional de Lisboa.\u00a0<br \/>\nA queixa em quest\u00e3o foi entregue em julho, tendo um dos <\/p>\n","protected":false},"excerpt":{"rendered":"<p>O Minist\u00e9rio P\u00fablico abriu um inqu\u00e9rito na sequ\u00eancia de uma queixa apresentada pela Federa\u00e7\u00e3o Nacional dos Professores (Fenprof) relacionada com o processo de classifica\u00e7\u00e3o eletr\u00f3nica dos exames nacionais do ensino secund\u00e1rio.\u00a0 Em resposta enviada hoje<\/p>\n","protected":false},"author":5,"featured_media":0,"comment_status":"open","ping_status":"","sticky":false,"template":"","format":"standard","meta":{"footnotes":""},"categories":[19],"tags":[],"class_list":["post-1208299","post","type-post","status-publish","format-standard","hentry","category-madeira-island-news","infinite-scroll-item","masonry-post","generate-columns","tablet-grid-50","mobile-grid-100","grid-parent","grid-33"],"_links":{"self":[{"href":"https:\/\/madeiraisland.news\/index.php?rest_route=\/wp\/v2\/posts\/1208299","targetHints":{"allow":["GET"]}}],"collection":[{"href":"https:\/\/madeiraisland.news\/index.php?rest_route=\/wp\/v2\/posts"}],"about":[{"href":"https:\/\/madeiraisland.news\/index.php?rest_route=\/wp\/v2\/types\/post"}],"author":[{"embeddable":true,"href":"https:\/\/madeiraisland.news\/index.php?rest_route=\/wp\/v2\/users\/5"}],"replies":[{"embeddable":true,"href":"https:\/\/madeiraisland.news\/index.php?rest_route=%2Fwp%2Fv2%2Fcomments&post=1208299"}],"version-history":[{"count":2,"href":"https:\/\/madeiraisland.news\/index.php?rest_route=\/wp\/v2\/posts\/1208299\/revisions"}],"predecessor-version":[{"id":1208301,"href":"https:\/\/madeiraisland.news\/index.php?rest_route=\/wp\/v2\/posts\/1208299\/revisions\/1208301"}],"wp:attachment":[{"href":"https:\/\/madeiraisland.news\/index.php?rest_route=%2Fwp%2Fv2%2Fmedia&parent=1208299"}],"wp:term":[{"taxonomy":"category","embeddable":true,"href":"https:\/\/madeiraisland.news\/index.php?rest_route=%2Fwp%2Fv2%2Fcategories&post=1208299"},{"taxonomy":"post_tag","embeddable":true,"href":"https:\/\/madeiraisland.news\/index.php?rest_route=%2Fwp%2Fv2%2Ftags&post=1208299"}],"curies":[{"name":"wp","href":"https:\/\/api.w.org\/{rel}","templated":true}]}}