{"id":1208296,"date":"2026-09-01T07:34:24","date_gmt":"2026-09-01T07:34:24","guid":{"rendered":"https:\/\/madeiraisland.news\/?p=1208296"},"modified":"2026-09-01T07:46:50","modified_gmt":"2026-09-01T07:46:50","slug":"nova-lei-nacional-dos-tvde-entra-em-vigor-e-passa-a-integrar-taxis","status":"publish","type":"post","link":"https:\/\/madeiraisland.news\/?p=1208296","title":{"rendered":"Nova lei nacional dos TVDE entra em vigor e passa a integrar t\u00e1xis"},"content":{"rendered":"<p>Oito anos depois do in\u00edcio da regula\u00e7\u00e3o da actividade, entra em vigor uma nova lei que altera o regime anterior e redefine a pr\u00f3pria sigla TVDE. A designa\u00e7\u00e3o deixa de significar transporte individual e remunerado de passageiros em ve\u00edculos descaracterizados a partir de plataforma electr\u00f3nica e passa a corresponder a transporte remunerado de passageiros em ve\u00edculos de disponibiliza\u00e7\u00e3o electr\u00f3nica.<br \/>\nEntre as principais mudan\u00e7as est\u00e1 a integra\u00e7\u00e3o dos t\u00e1xis, que podem agora ser registados para a acti<\/p>\n","protected":false},"excerpt":{"rendered":"<p>Oito anos depois do in\u00edcio da regula\u00e7\u00e3o da actividade, entra em vigor uma nova lei que altera o regime anterior e redefine a pr\u00f3pria sigla TVDE. A designa\u00e7\u00e3o deixa de significar transporte individual e remunerado<\/p>\n","protected":false},"author":5,"featured_media":0,"comment_status":"open","ping_status":"","sticky":false,"template":"","format":"standard","meta":{"footnotes":""},"categories":[19],"tags":[],"class_list":["post-1208296","post","type-post","status-publish","format-standard","hentry","category-madeira-island-news","infinite-scroll-item","masonry-post","generate-columns","tablet-grid-50","mobile-grid-100","grid-parent","grid-33"],"_links":{"self":[{"href":"https:\/\/madeiraisland.news\/index.php?rest_route=\/wp\/v2\/posts\/1208296","targetHints":{"allow":["GET"]}}],"collection":[{"href":"https:\/\/madeiraisland.news\/index.php?rest_route=\/wp\/v2\/posts"}],"about":[{"href":"https:\/\/madeiraisland.news\/index.php?rest_route=\/wp\/v2\/types\/post"}],"author":[{"embeddable":true,"href":"https:\/\/madeiraisland.news\/index.php?rest_route=\/wp\/v2\/users\/5"}],"replies":[{"embeddable":true,"href":"https:\/\/madeiraisland.news\/index.php?rest_route=%2Fwp%2Fv2%2Fcomments&post=1208296"}],"version-history":[{"count":2,"href":"https:\/\/madeiraisland.news\/index.php?rest_route=\/wp\/v2\/posts\/1208296\/revisions"}],"predecessor-version":[{"id":1208298,"href":"https:\/\/madeiraisland.news\/index.php?rest_route=\/wp\/v2\/posts\/1208296\/revisions\/1208298"}],"wp:attachment":[{"href":"https:\/\/madeiraisland.news\/index.php?rest_route=%2Fwp%2Fv2%2Fmedia&parent=1208296"}],"wp:term":[{"taxonomy":"category","embeddable":true,"href":"https:\/\/madeiraisland.news\/index.php?rest_route=%2Fwp%2Fv2%2Fcategories&post=1208296"},{"taxonomy":"post_tag","embeddable":true,"href":"https:\/\/madeiraisland.news\/index.php?rest_route=%2Fwp%2Fv2%2Ftags&post=1208296"}],"curies":[{"name":"wp","href":"https:\/\/api.w.org\/{rel}","templated":true}]}}