{"id":1208293,"date":"2026-09-01T07:22:50","date_gmt":"2026-09-01T07:22:50","guid":{"rendered":"https:\/\/madeiraisland.news\/?p=1208293"},"modified":"2026-09-01T07:30:23","modified_gmt":"2026-09-01T07:30:23","slug":"onze-distritos-sob-aviso-amarelo-com-temperaturas-que-podem-chegar-aos-42-graus","status":"publish","type":"post","link":"https:\/\/madeiraisland.news\/?p=1208293","title":{"rendered":"Onze distritos sob aviso amarelo com temperaturas que podem chegar aos 42 graus"},"content":{"rendered":"<p>O aviso do Instituto Portugu\u00eas do Mar e da Atmosfera (IPMA) abrange os distritos de Bragan\u00e7a, Viseu, \u00c9vora, Guarda, Vila Real, Set\u00fabal, Santar\u00e9m, Lisboa, Beja, Castelo Branco e Portalegre e estar\u00e1 em vigor entre as 10h00 e as 19h00 de quinta-feira.<br \/>\nO aviso amarelo \u00e9 o menos grave de uma escala de tr\u00eas e \u00e9 emitido sempre que existe uma situa\u00e7\u00e3o de risco para determinadas actividades dependentes da situa\u00e7\u00e3o meteorol\u00f3gica.<br \/>\nSegundo o IPMA, as temperaturas m\u00e1ximas v\u00e3o subir entre 10\u00ba C e 12\u00ba C em alg<\/p>\n","protected":false},"excerpt":{"rendered":"<p>O aviso do Instituto Portugu\u00eas do Mar e da Atmosfera (IPMA) abrange os distritos de Bragan\u00e7a, Viseu, \u00c9vora, Guarda, Vila Real, Set\u00fabal, Santar\u00e9m, Lisboa, Beja, Castelo Branco e Portalegre e estar\u00e1 em vigor entre as<\/p>\n","protected":false},"author":5,"featured_media":0,"comment_status":"open","ping_status":"","sticky":false,"template":"","format":"standard","meta":{"footnotes":""},"categories":[19],"tags":[],"class_list":["post-1208293","post","type-post","status-publish","format-standard","hentry","category-madeira-island-news","infinite-scroll-item","masonry-post","generate-columns","tablet-grid-50","mobile-grid-100","grid-parent","grid-33"],"_links":{"self":[{"href":"https:\/\/madeiraisland.news\/index.php?rest_route=\/wp\/v2\/posts\/1208293","targetHints":{"allow":["GET"]}}],"collection":[{"href":"https:\/\/madeiraisland.news\/index.php?rest_route=\/wp\/v2\/posts"}],"about":[{"href":"https:\/\/madeiraisland.news\/index.php?rest_route=\/wp\/v2\/types\/post"}],"author":[{"embeddable":true,"href":"https:\/\/madeiraisland.news\/index.php?rest_route=\/wp\/v2\/users\/5"}],"replies":[{"embeddable":true,"href":"https:\/\/madeiraisland.news\/index.php?rest_route=%2Fwp%2Fv2%2Fcomments&post=1208293"}],"version-history":[{"count":2,"href":"https:\/\/madeiraisland.news\/index.php?rest_route=\/wp\/v2\/posts\/1208293\/revisions"}],"predecessor-version":[{"id":1208295,"href":"https:\/\/madeiraisland.news\/index.php?rest_route=\/wp\/v2\/posts\/1208293\/revisions\/1208295"}],"wp:attachment":[{"href":"https:\/\/madeiraisland.news\/index.php?rest_route=%2Fwp%2Fv2%2Fmedia&parent=1208293"}],"wp:term":[{"taxonomy":"category","embeddable":true,"href":"https:\/\/madeiraisland.news\/index.php?rest_route=%2Fwp%2Fv2%2Fcategories&post=1208293"},{"taxonomy":"post_tag","embeddable":true,"href":"https:\/\/madeiraisland.news\/index.php?rest_route=%2Fwp%2Fv2%2Ftags&post=1208293"}],"curies":[{"name":"wp","href":"https:\/\/api.w.org\/{rel}","templated":true}]}}