{"id":1208290,"date":"2026-09-01T06:51:47","date_gmt":"2026-09-01T06:51:47","guid":{"rendered":"https:\/\/madeiraisland.news\/?p=1208290"},"modified":"2026-09-01T07:01:38","modified_gmt":"2026-09-01T07:01:38","slug":"rendas-elevador-da-gloria-e-prejuizos-da-tap-em-destaque-na-imprensa-nacional","status":"publish","type":"post","link":"https:\/\/madeiraisland.news\/?p=1208290","title":{"rendered":"Rendas, elevador da Gl\u00f3ria e preju\u00edzos da TAP em destaque na imprensa nacional"},"content":{"rendered":"<p>O \u2018Correio da Manh\u00e3\u2019 abre com a actualiza\u00e7\u00e3o dos contratos de arrendamento e noticia que \u201crendas da casa sobem 2,56% em Janeiro\u201d, num agravamento associado \u00e0 infla\u00e7\u00e3o. Tamb\u00e9m o \u2018Neg\u00f3cios\u2019 destaca a press\u00e3o da habita\u00e7\u00e3o sobre os or\u00e7amentos familiares, enquanto o \u2018P\u00fablico\u2019 assinala que as rendas subiram 14% nos \u00faltimos quatro anos.<br \/>\nO Elevador da Gl\u00f3ria volta igualmente \u00e0s primeiras p\u00e1ginas. O \u2018P\u00fablico\u2019 noticia que a Carris n\u00e3o abriu qualquer processo disciplinar relacionado com o caso, enquanto o <\/p>\n","protected":false},"excerpt":{"rendered":"<p>O \u2018Correio da Manh\u00e3\u2019 abre com a actualiza\u00e7\u00e3o dos contratos de arrendamento e noticia que \u201crendas da casa sobem 2,56% em Janeiro\u201d, num agravamento associado \u00e0 infla\u00e7\u00e3o. Tamb\u00e9m o \u2018Neg\u00f3cios\u2019 destaca a press\u00e3o da habita\u00e7\u00e3o<\/p>\n","protected":false},"author":5,"featured_media":0,"comment_status":"open","ping_status":"","sticky":false,"template":"","format":"standard","meta":{"footnotes":""},"categories":[19],"tags":[],"class_list":["post-1208290","post","type-post","status-publish","format-standard","hentry","category-madeira-island-news","infinite-scroll-item","masonry-post","generate-columns","tablet-grid-50","mobile-grid-100","grid-parent","grid-33"],"_links":{"self":[{"href":"https:\/\/madeiraisland.news\/index.php?rest_route=\/wp\/v2\/posts\/1208290","targetHints":{"allow":["GET"]}}],"collection":[{"href":"https:\/\/madeiraisland.news\/index.php?rest_route=\/wp\/v2\/posts"}],"about":[{"href":"https:\/\/madeiraisland.news\/index.php?rest_route=\/wp\/v2\/types\/post"}],"author":[{"embeddable":true,"href":"https:\/\/madeiraisland.news\/index.php?rest_route=\/wp\/v2\/users\/5"}],"replies":[{"embeddable":true,"href":"https:\/\/madeiraisland.news\/index.php?rest_route=%2Fwp%2Fv2%2Fcomments&post=1208290"}],"version-history":[{"count":2,"href":"https:\/\/madeiraisland.news\/index.php?rest_route=\/wp\/v2\/posts\/1208290\/revisions"}],"predecessor-version":[{"id":1208292,"href":"https:\/\/madeiraisland.news\/index.php?rest_route=\/wp\/v2\/posts\/1208290\/revisions\/1208292"}],"wp:attachment":[{"href":"https:\/\/madeiraisland.news\/index.php?rest_route=%2Fwp%2Fv2%2Fmedia&parent=1208290"}],"wp:term":[{"taxonomy":"category","embeddable":true,"href":"https:\/\/madeiraisland.news\/index.php?rest_route=%2Fwp%2Fv2%2Fcategories&post=1208290"},{"taxonomy":"post_tag","embeddable":true,"href":"https:\/\/madeiraisland.news\/index.php?rest_route=%2Fwp%2Fv2%2Ftags&post=1208290"}],"curies":[{"name":"wp","href":"https:\/\/api.w.org\/{rel}","templated":true}]}}