{"id":1208284,"date":"2026-08-31T22:41:44","date_gmt":"2026-08-31T22:41:44","guid":{"rendered":"https:\/\/madeiraisland.news\/?p=1208284"},"modified":"2026-08-31T22:45:17","modified_gmt":"2026-08-31T22:45:17","slug":"festival-de-cocktails-vinho-da-madeira-a-6-de-setembro","status":"publish","type":"post","link":"https:\/\/madeiraisland.news\/?p=1208284","title":{"rendered":"Festival de Cocktails Vinho da Madeira a 6 de setembro"},"content":{"rendered":"<p>O Madeira Wine Lounge, instalado na Pra\u00e7a do Povo, no Funchal, vai receber, no pr\u00f3ximo domingo, dia 6 de Setembro, pelas 19h00, o habitual Festival de Cocktails Vinho da Madeira. O evento \u00e9 organizado pela Associa\u00e7\u00e3o Barmen da Madeira, com colabora\u00e7\u00e3o da Secretaria Regional do Turismo da Madeira. Este festival tem como principal objectivo promover [\u2026]<\/p>\n","protected":false},"excerpt":{"rendered":"<p>O Madeira Wine Lounge, instalado na Pra\u00e7a do Povo, no Funchal, vai receber, no pr\u00f3ximo domingo, dia 6 de Setembro, &#8230; <\/p>\n<p class=\"read-more-container\"><a title=\"Festival de Cocktails Vinho da Madeira a 6 de setembro\" class=\"read-more button\" href=\"https:\/\/madeiraisland.news\/?p=1208284#more-1208284\" aria-label=\"Read more about Festival de Cocktails Vinho da Madeira a 6 de setembro\">Read more<\/a><\/p>\n","protected":false},"author":259,"featured_media":0,"comment_status":"open","ping_status":"","sticky":false,"template":"","format":"standard","meta":{"footnotes":""},"categories":[19],"tags":[],"class_list":["post-1208284","post","type-post","status-publish","format-standard","hentry","category-madeira-island-news","infinite-scroll-item","masonry-post","generate-columns","tablet-grid-50","mobile-grid-100","grid-parent","grid-33"],"_links":{"self":[{"href":"https:\/\/madeiraisland.news\/index.php?rest_route=\/wp\/v2\/posts\/1208284","targetHints":{"allow":["GET"]}}],"collection":[{"href":"https:\/\/madeiraisland.news\/index.php?rest_route=\/wp\/v2\/posts"}],"about":[{"href":"https:\/\/madeiraisland.news\/index.php?rest_route=\/wp\/v2\/types\/post"}],"author":[{"embeddable":true,"href":"https:\/\/madeiraisland.news\/index.php?rest_route=\/wp\/v2\/users\/259"}],"replies":[{"embeddable":true,"href":"https:\/\/madeiraisland.news\/index.php?rest_route=%2Fwp%2Fv2%2Fcomments&post=1208284"}],"version-history":[{"count":1,"href":"https:\/\/madeiraisland.news\/index.php?rest_route=\/wp\/v2\/posts\/1208284\/revisions"}],"predecessor-version":[{"id":1208285,"href":"https:\/\/madeiraisland.news\/index.php?rest_route=\/wp\/v2\/posts\/1208284\/revisions\/1208285"}],"wp:attachment":[{"href":"https:\/\/madeiraisland.news\/index.php?rest_route=%2Fwp%2Fv2%2Fmedia&parent=1208284"}],"wp:term":[{"taxonomy":"category","embeddable":true,"href":"https:\/\/madeiraisland.news\/index.php?rest_route=%2Fwp%2Fv2%2Fcategories&post=1208284"},{"taxonomy":"post_tag","embeddable":true,"href":"https:\/\/madeiraisland.news\/index.php?rest_route=%2Fwp%2Fv2%2Ftags&post=1208284"}],"curies":[{"name":"wp","href":"https:\/\/api.w.org\/{rel}","templated":true}]}}