{"id":1208279,"date":"2026-08-31T21:13:35","date_gmt":"2026-08-31T21:13:35","guid":{"rendered":"https:\/\/madeiraisland.news\/?p=1208279"},"modified":"2026-08-31T21:17:48","modified_gmt":"2026-08-31T21:17:48","slug":"seguro-promulga-decreto-sobre-retorno-de-estrangeiros-apos-decisao-do-tribunal-constitucional","status":"publish","type":"post","link":"https:\/\/madeiraisland.news\/?p=1208279","title":{"rendered":"Seguro promulga decreto sobre retorno de estrangeiros ap\u00f3s decis\u00e3o do Tribunal Constitucional"},"content":{"rendered":"<p>O Presidente da Rep\u00fablica promulgou hoje o decreto do Parlamento sobre concess\u00e3o de asilo, deten\u00e7\u00e3o e retorno de estrangeiros, ap\u00f3s o Tribunal Constitucional ter decidido pela sua n\u00e3o inconstitucionalidade.<br \/>\nA decis\u00e3o do chefe de Estado, na sequ\u00eancia do ac\u00f3rd\u00e3o do Tribunal Constitucional de sexta-feira, foi divulgada hoje atrav\u00e9s de uma nota no portal da Presid\u00eancia da Rep\u00fablica na Internet.<br \/>\nNa nota, Ant\u00f3nio Jos\u00e9 Seguro refere que requereu a fiscaliza\u00e7\u00e3o preventiva da constitucionalidade de algum<\/p>\n","protected":false},"excerpt":{"rendered":"<p>O Presidente da Rep\u00fablica promulgou hoje o decreto do Parlamento sobre concess\u00e3o de asilo, deten\u00e7\u00e3o e retorno de estrangeiros, ap\u00f3s o Tribunal Constitucional ter decidido pela sua n\u00e3o inconstitucionalidade. A decis\u00e3o do chefe de Estado,<\/p>\n","protected":false},"author":5,"featured_media":0,"comment_status":"open","ping_status":"","sticky":false,"template":"","format":"standard","meta":{"footnotes":""},"categories":[19],"tags":[],"class_list":["post-1208279","post","type-post","status-publish","format-standard","hentry","category-madeira-island-news","infinite-scroll-item","masonry-post","generate-columns","tablet-grid-50","mobile-grid-100","grid-parent","grid-33"],"_links":{"self":[{"href":"https:\/\/madeiraisland.news\/index.php?rest_route=\/wp\/v2\/posts\/1208279","targetHints":{"allow":["GET"]}}],"collection":[{"href":"https:\/\/madeiraisland.news\/index.php?rest_route=\/wp\/v2\/posts"}],"about":[{"href":"https:\/\/madeiraisland.news\/index.php?rest_route=\/wp\/v2\/types\/post"}],"author":[{"embeddable":true,"href":"https:\/\/madeiraisland.news\/index.php?rest_route=\/wp\/v2\/users\/5"}],"replies":[{"embeddable":true,"href":"https:\/\/madeiraisland.news\/index.php?rest_route=%2Fwp%2Fv2%2Fcomments&post=1208279"}],"version-history":[{"count":2,"href":"https:\/\/madeiraisland.news\/index.php?rest_route=\/wp\/v2\/posts\/1208279\/revisions"}],"predecessor-version":[{"id":1208281,"href":"https:\/\/madeiraisland.news\/index.php?rest_route=\/wp\/v2\/posts\/1208279\/revisions\/1208281"}],"wp:attachment":[{"href":"https:\/\/madeiraisland.news\/index.php?rest_route=%2Fwp%2Fv2%2Fmedia&parent=1208279"}],"wp:term":[{"taxonomy":"category","embeddable":true,"href":"https:\/\/madeiraisland.news\/index.php?rest_route=%2Fwp%2Fv2%2Fcategories&post=1208279"},{"taxonomy":"post_tag","embeddable":true,"href":"https:\/\/madeiraisland.news\/index.php?rest_route=%2Fwp%2Fv2%2Ftags&post=1208279"}],"curies":[{"name":"wp","href":"https:\/\/api.w.org\/{rel}","templated":true}]}}