{"id":1208276,"date":"2026-08-31T20:03:33","date_gmt":"2026-08-31T20:03:33","guid":{"rendered":"https:\/\/madeiraisland.news\/?p=1208276"},"modified":"2026-08-31T20:23:21","modified_gmt":"2026-08-31T20:23:21","slug":"camara-de-lisboa-e-carris-afirmam-ter-feito-tudo-tudo-tudo-no-apoio-as-vitimas","status":"publish","type":"post","link":"https:\/\/madeiraisland.news\/?p=1208276","title":{"rendered":"C\u00e2mara de Lisboa e Carris afirmam ter feito &#8220;tudo, tudo, tudo&#8221; no apoio \u00e0s v\u00edtimas"},"content":{"rendered":"<p>O vice-presidente da C\u00e2mara de Lisboa afirmou hoje que a autarquia e a empresa municipal Carris &#8220;t\u00eam feito tudo, tudo, tudo&#8221; no apoio \u00e0s v\u00edtimas e seus familiares na sequ\u00eancia do acidente com o elevador da Gl\u00f3ria.<br \/>\n&#8220;O tema do drama das v\u00edtimas e das fam\u00edlias \u00e9 um tema fort\u00edssimo e \u00e9 um tema que n\u00f3s temos que o viver, que o respeitar e que o honrar. Portanto, a Carris e a C\u00e2mara Municipal de Lisboa t\u00eam feito tudo, tudo, tudo para ir ao encontro das v\u00edtimas, aos familiares das v\u00edtimas, disponibiliz<\/p>\n","protected":false},"excerpt":{"rendered":"<p>O vice-presidente da C\u00e2mara de Lisboa afirmou hoje que a autarquia e a empresa municipal Carris &#8220;t\u00eam feito tudo, tudo, tudo&#8221; no apoio \u00e0s v\u00edtimas e seus familiares na sequ\u00eancia do acidente com o elevador<\/p>\n","protected":false},"author":5,"featured_media":0,"comment_status":"open","ping_status":"","sticky":false,"template":"","format":"standard","meta":{"footnotes":""},"categories":[19],"tags":[],"class_list":["post-1208276","post","type-post","status-publish","format-standard","hentry","category-madeira-island-news","infinite-scroll-item","masonry-post","generate-columns","tablet-grid-50","mobile-grid-100","grid-parent","grid-33"],"_links":{"self":[{"href":"https:\/\/madeiraisland.news\/index.php?rest_route=\/wp\/v2\/posts\/1208276","targetHints":{"allow":["GET"]}}],"collection":[{"href":"https:\/\/madeiraisland.news\/index.php?rest_route=\/wp\/v2\/posts"}],"about":[{"href":"https:\/\/madeiraisland.news\/index.php?rest_route=\/wp\/v2\/types\/post"}],"author":[{"embeddable":true,"href":"https:\/\/madeiraisland.news\/index.php?rest_route=\/wp\/v2\/users\/5"}],"replies":[{"embeddable":true,"href":"https:\/\/madeiraisland.news\/index.php?rest_route=%2Fwp%2Fv2%2Fcomments&post=1208276"}],"version-history":[{"count":2,"href":"https:\/\/madeiraisland.news\/index.php?rest_route=\/wp\/v2\/posts\/1208276\/revisions"}],"predecessor-version":[{"id":1208278,"href":"https:\/\/madeiraisland.news\/index.php?rest_route=\/wp\/v2\/posts\/1208276\/revisions\/1208278"}],"wp:attachment":[{"href":"https:\/\/madeiraisland.news\/index.php?rest_route=%2Fwp%2Fv2%2Fmedia&parent=1208276"}],"wp:term":[{"taxonomy":"category","embeddable":true,"href":"https:\/\/madeiraisland.news\/index.php?rest_route=%2Fwp%2Fv2%2Fcategories&post=1208276"},{"taxonomy":"post_tag","embeddable":true,"href":"https:\/\/madeiraisland.news\/index.php?rest_route=%2Fwp%2Fv2%2Ftags&post=1208276"}],"curies":[{"name":"wp","href":"https:\/\/api.w.org\/{rel}","templated":true}]}}