{"id":1208274,"date":"2026-08-31T19:53:35","date_gmt":"2026-08-31T19:53:35","guid":{"rendered":"https:\/\/madeiraisland.news\/?p=1208274"},"modified":"2026-08-31T20:02:06","modified_gmt":"2026-08-31T20:02:06","slug":"ministro-da-administracao-interna-visita-albuquerque-e-outras-entidades-na-ram","status":"publish","type":"post","link":"https:\/\/madeiraisland.news\/?p=1208274","title":{"rendered":"Ministro da Administra\u00e7\u00e3o Interna visita Albuquerque e outras entidades na RAM"},"content":{"rendered":"<p>O presidente do Governo Regional, Miguel Albuquerque, recebeu hoje em audi\u00eancia, na Quinta Vigia, o Ministro da Administra\u00e7\u00e3o Interna, Lu\u00eds Neves, por ocasi\u00e3o da sua desloca\u00e7\u00e3o \u00e0 Regi\u00e3o Aut\u00f3noma da Madeira para as comemora\u00e7\u00f5es do 148\u00ba anivers\u00e1rio do Comando Regional da PSP da Madeira. Lu\u00eds Neves esteve num almo\u00e7o na residencial oficial do presidente da [\u2026]<\/p>\n","protected":false},"excerpt":{"rendered":"<p>O presidente do Governo Regional, Miguel Albuquerque, recebeu hoje em audi\u00eancia, na Quinta Vigia, o Ministro da Administra\u00e7\u00e3o Interna, Lu\u00eds &#8230; <\/p>\n<p class=\"read-more-container\"><a title=\"Ministro da Administra\u00e7\u00e3o Interna visita Albuquerque e outras entidades na RAM\" class=\"read-more button\" href=\"https:\/\/madeiraisland.news\/?p=1208274#more-1208274\" aria-label=\"Read more about Ministro da Administra\u00e7\u00e3o Interna visita Albuquerque e outras entidades na RAM\">Read more<\/a><\/p>\n","protected":false},"author":258,"featured_media":0,"comment_status":"open","ping_status":"","sticky":false,"template":"","format":"standard","meta":{"footnotes":""},"categories":[19],"tags":[],"class_list":["post-1208274","post","type-post","status-publish","format-standard","hentry","category-madeira-island-news","infinite-scroll-item","masonry-post","generate-columns","tablet-grid-50","mobile-grid-100","grid-parent","grid-33"],"_links":{"self":[{"href":"https:\/\/madeiraisland.news\/index.php?rest_route=\/wp\/v2\/posts\/1208274","targetHints":{"allow":["GET"]}}],"collection":[{"href":"https:\/\/madeiraisland.news\/index.php?rest_route=\/wp\/v2\/posts"}],"about":[{"href":"https:\/\/madeiraisland.news\/index.php?rest_route=\/wp\/v2\/types\/post"}],"author":[{"embeddable":true,"href":"https:\/\/madeiraisland.news\/index.php?rest_route=\/wp\/v2\/users\/258"}],"replies":[{"embeddable":true,"href":"https:\/\/madeiraisland.news\/index.php?rest_route=%2Fwp%2Fv2%2Fcomments&post=1208274"}],"version-history":[{"count":1,"href":"https:\/\/madeiraisland.news\/index.php?rest_route=\/wp\/v2\/posts\/1208274\/revisions"}],"predecessor-version":[{"id":1208275,"href":"https:\/\/madeiraisland.news\/index.php?rest_route=\/wp\/v2\/posts\/1208274\/revisions\/1208275"}],"wp:attachment":[{"href":"https:\/\/madeiraisland.news\/index.php?rest_route=%2Fwp%2Fv2%2Fmedia&parent=1208274"}],"wp:term":[{"taxonomy":"category","embeddable":true,"href":"https:\/\/madeiraisland.news\/index.php?rest_route=%2Fwp%2Fv2%2Fcategories&post=1208274"},{"taxonomy":"post_tag","embeddable":true,"href":"https:\/\/madeiraisland.news\/index.php?rest_route=%2Fwp%2Fv2%2Ftags&post=1208274"}],"curies":[{"name":"wp","href":"https:\/\/api.w.org\/{rel}","templated":true}]}}